{"id":83152,"date":"2024-06-26T09:03:33","date_gmt":"2024-06-26T09:03:33","guid":{"rendered":"https:\/\/rdnews.al\/?p=83152"},"modified":"2024-06-26T09:03:33","modified_gmt":"2024-06-26T09:03:33","slug":"sylvinho-pas-eleminimit-tani-jemi-me-te-forte","status":"publish","type":"post","link":"https:\/\/rdnews.al\/index.php\/2024\/06\/26\/sylvinho-pas-eleminimit-tani-jemi-me-te-forte\/","title":{"rendered":"Sylvinho pas eleminimit: Tani jemi m\u00eb t\u00eb fort\u00eb"},"content":{"rendered":"<p>Reagimi n\u00eb rrjetet sociakle i trainerit, Sylvinho<\/p>\n<p>\u201cDje mbyll\u00ebm pjes\u00ebmarrjen ton\u00eb n\u00eb Euro 2024.<\/p>\n<div id=\"taboola-sponsored-mid-article\" class=\" trc_related_container trc_spotlight_widget trc_elastic trc_elastic_sc-ma-balkanweb \" data-placement-name=\"Sponsored Mid Article\">\n<div class=\"trc_rbox_container\">\n<div id=\"trc_wrapper_62599\" class=\"trc_rbox sc-ma-balkanweb trc-content-sponsored \">\n<div id=\"outer_62599\" class=\"trc_rbox_outer\">\n<div id=\"rbox-t2m\" class=\"trc_rbox_div trc_rbox_border_elm\">\n<div id=\"internal_trc_62599\">\n<div class=\"videoCube trc_spotlight_item origin-default thumbnail_top syndicatedItem textItem videoCube_2_child trc_excludable \" data-item-id=\"~~V1~~-7799468482760094234~~Rs1Izw46e5R-SUcH6vKEUw0-tF9Im6x6bUj0CpaaaAge79Ni-eBnd8iQ4KmvvX-QPtVvJT2oZsUKTcbUlOwtfGmONCNfRJvxSwUSD1Kpzn4lU48RfeU9Jh9ewE2IWQt0p0NH3bu4dwdOxdUj79t3Op0gfSDnDxLOR0Ll8BxAkSaql4L1GHU8akmbi2f8H5xU\" data-item-title=\"If you own a mouse, you will never turn off your computer again.\" data-item-thumb=\"http:\/\/cdn.taboola.com\/libtrc\/static\/thumbnails\/2e9bafdf32aac1d06bbedc05275f745f.jpg\" data-item-syndicated=\"true\"><\/div>\n<\/div>\n<\/div>\n<\/div>\n<\/div>\n<\/div>\n<\/div>\n<p>Jam shum\u00eb krenar p\u00ebr at\u00eb q\u00eb i treguam vetes dhe tifoz\u00ebve t\u00eb futbollit.<\/p>\n<p>Ne ishim nj\u00eb ekip q\u00eb dham\u00eb gjith\u00e7ka deri n\u00eb fund, q\u00eb luftuam p\u00ebr \u00e7do top, p\u00ebr \u00e7do pik\u00eb. Ne ishim pasqyra e popullit shqiptar.<\/p>\n<p>U larguam duke u ndjer\u00eb krenar\u00eb p\u00ebr at\u00eb q\u00eb b\u00ebm\u00eb.<\/p>\n<p>D\u00ebshiroj t\u00eb fal\u00ebnderoj t\u00eb gjith\u00eb ata q\u00eb ishin me ne n\u00eb k\u00ebt\u00eb kompeticion dhe kontribuan n\u00eb performanc\u00ebn ton\u00eb.<\/p>\n<p>Faleminderit edhe tifoz\u00ebve, t\u00eb cil\u00ebt shk\u00eblqyen n\u00eb tribunat e stadiumeve dhe na ndihmuan n\u00eb k\u00ebt\u00eb rrug\u00ebtim. Shqip\u00ebria largohet m\u00eb e fort\u00eb nga sa mb\u00ebrriti\u201d, ka shkruar Sylvinho n\u00eb rrjetet sociale.<\/p>\n","protected":false},"excerpt":{"rendered":"<p>Reagimi n\u00eb rrjetet sociakle i trainerit, Sylvinho \u201cDje mbyll\u00ebm pjes\u00ebmarrjen ton\u00eb n\u00eb Euro 2024. Jam shum\u00eb krenar p\u00ebr at\u00eb q\u00eb i treguam vetes dhe tifoz\u00ebve t\u00eb futbollit. Ne ishim nj\u00eb ekip q\u00eb dham\u00eb gjith\u00e7ka deri n\u00eb fund, q\u00eb luftuam p\u00ebr \u00e7do top, p\u00ebr \u00e7do pik\u00eb. Ne ishim pasqyra e popullit shqiptar. U larguam duke u &hellip;<\/p>\n","protected":false},"author":3,"featured_media":83035,"comment_status":"closed","ping_status":"closed","sticky":false,"template":"","format":"standard","meta":{"footnotes":""},"categories":[37,39],"tags":[],"class_list":["post-83152","post","type-post","status-publish","format-standard","has-post-thumbnail","","category-politike","category-sport"],"_links":{"self":[{"href":"https:\/\/rdnews.al\/index.php\/wp-json\/wp\/v2\/posts\/83152","targetHints":{"allow":["GET"]}}],"collection":[{"href":"https:\/\/rdnews.al\/index.php\/wp-json\/wp\/v2\/posts"}],"about":[{"href":"https:\/\/rdnews.al\/index.php\/wp-json\/wp\/v2\/types\/post"}],"author":[{"embeddable":true,"href":"https:\/\/rdnews.al\/index.php\/wp-json\/wp\/v2\/users\/3"}],"replies":[{"embeddable":true,"href":"https:\/\/rdnews.al\/index.php\/wp-json\/wp\/v2\/comments?post=83152"}],"version-history":[{"count":0,"href":"https:\/\/rdnews.al\/index.php\/wp-json\/wp\/v2\/posts\/83152\/revisions"}],"wp:featuredmedia":[{"embeddable":true,"href":"https:\/\/rdnews.al\/index.php\/wp-json\/wp\/v2\/media\/83035"}],"wp:attachment":[{"href":"https:\/\/rdnews.al\/index.php\/wp-json\/wp\/v2\/media?parent=83152"}],"wp:term":[{"taxonomy":"category","embeddable":true,"href":"https:\/\/rdnews.al\/index.php\/wp-json\/wp\/v2\/categories?post=83152"},{"taxonomy":"post_tag","embeddable":true,"href":"https:\/\/rdnews.al\/index.php\/wp-json\/wp\/v2\/tags?post=83152"}],"curies":[{"name":"wp","href":"https:\/\/api.w.org\/{rel}","templated":true}]}}