{"id":83154,"date":"2024-06-26T09:10:57","date_gmt":"2024-06-26T09:10:57","guid":{"rendered":"https:\/\/rdnews.al\/?p=83154"},"modified":"2024-06-26T09:10:57","modified_gmt":"2024-06-26T09:10:57","slug":"shoket-e-spak-nuk-kemi-vendosur-mase-ndaj-veliajt-po-vijojme-hetimet","status":"publish","type":"post","link":"https:\/\/rdnews.al\/index.php\/2024\/06\/26\/shoket-e-spak-nuk-kemi-vendosur-mase-ndaj-veliajt-po-vijojme-hetimet\/","title":{"rendered":"&#8220;Shok\u00ebt&#8221; e SPAK: Nuk kemi vendosur mas\u00eb ndaj Veliajt, po vijojm\u00eb hetimet"},"content":{"rendered":"<p>Prokuroria e Posa\u00e7me ka p\u00ebrg\u00ebnjeshtruar lajmet p\u00ebr mas\u00eb ndaj kryebashkiakut t\u00eb Tiran\u00ebs. P\u00ebrmes nj\u00eb njoftimi t\u00eb shp\u00ebrndar\u00eb p\u00ebr mediat, SPAK thot\u00eb se nuk \u00ebsht\u00eb zhvilluar asnj\u00eb operacion gjat\u00eb nat\u00ebs s\u00eb t\u00eb mart\u00ebs duke theksuar q\u00eb hetimet p\u00ebr inceneratorin e Tiran\u00ebs vazhdojn\u00eb.<\/p>\n<p><strong>Njoftimi i plot\u00eb i SPAK<\/strong><\/p>\n<p><em>M\u00eb lejoni t\u2019Ju infomoj lidhur me lajmet e publikuara dje n\u00eb disa nga mediat:<\/em><br \/>\n<em>SPAK po vijon nj\u00eb s\u00ebr\u00eb hetimesh p\u00ebr t\u00eb luftuar korrupsionin dhe mbrojtjen e publikut. Nuk ka pasur asnj\u00eb operacion brenda nat\u00ebs dhe ju k\u00ebrkojm\u00eb me mir\u00ebsjellje t\u00eb shmangin spekulimet q\u00eb mund t\u00eb d\u00ebmtojn\u00eb pun\u00ebn ton\u00eb. N\u00eb momentin q\u00eb do t\u00eb kemi njoftime p\u00ebr t\u00eb ndar\u00eb me median padyshim do t\u00eb viheni n\u00eb dijeni.<\/em><br \/>\n<em>Gjith\u00eb t\u00eb mirat!<\/em><\/p>\n<p>Nj\u00eb dit\u00eb m\u00eb par\u00eb n\u00eb media u shp\u00ebrnda lajmi se Gjykata ka nxjerr\u00eb 19 masa sigurie me k\u00ebrkes\u00eb t\u00eb prokurorit Dritan Pren\u00e7i p\u00ebr \u00e7\u00ebshtjen e inceneratorit t\u00eb Tiran\u00ebs. Sipas lajmeve t\u00eb publikuara, nd\u00ebr personat e v\u00ebn\u00eb n\u00ebn mas\u00eb p\u00ebrfshiheshin edhe personazhe t\u00eb politik\u00ebs dhe medias.<\/p>\n","protected":false},"excerpt":{"rendered":"<p>Prokuroria e Posa\u00e7me ka p\u00ebrg\u00ebnjeshtruar lajmet p\u00ebr mas\u00eb ndaj kryebashkiakut t\u00eb Tiran\u00ebs. P\u00ebrmes nj\u00eb njoftimi t\u00eb shp\u00ebrndar\u00eb p\u00ebr mediat, SPAK thot\u00eb se nuk \u00ebsht\u00eb zhvilluar asnj\u00eb operacion gjat\u00eb nat\u00ebs s\u00eb t\u00eb mart\u00ebs duke theksuar q\u00eb hetimet p\u00ebr inceneratorin e Tiran\u00ebs vazhdojn\u00eb. Njoftimi i plot\u00eb i SPAK M\u00eb lejoni t\u2019Ju infomoj lidhur me lajmet e publikuara &hellip;<\/p>\n","protected":false},"author":4,"featured_media":80216,"comment_status":"closed","ping_status":"closed","sticky":false,"template":"","format":"standard","meta":{"footnotes":""},"categories":[37],"tags":[],"class_list":["post-83154","post","type-post","status-publish","format-standard","has-post-thumbnail","","category-politike"],"_links":{"self":[{"href":"https:\/\/rdnews.al\/index.php\/wp-json\/wp\/v2\/posts\/83154","targetHints":{"allow":["GET"]}}],"collection":[{"href":"https:\/\/rdnews.al\/index.php\/wp-json\/wp\/v2\/posts"}],"about":[{"href":"https:\/\/rdnews.al\/index.php\/wp-json\/wp\/v2\/types\/post"}],"author":[{"embeddable":true,"href":"https:\/\/rdnews.al\/index.php\/wp-json\/wp\/v2\/users\/4"}],"replies":[{"embeddable":true,"href":"https:\/\/rdnews.al\/index.php\/wp-json\/wp\/v2\/comments?post=83154"}],"version-history":[{"count":0,"href":"https:\/\/rdnews.al\/index.php\/wp-json\/wp\/v2\/posts\/83154\/revisions"}],"wp:featuredmedia":[{"embeddable":true,"href":"https:\/\/rdnews.al\/index.php\/wp-json\/wp\/v2\/media\/80216"}],"wp:attachment":[{"href":"https:\/\/rdnews.al\/index.php\/wp-json\/wp\/v2\/media?parent=83154"}],"wp:term":[{"taxonomy":"category","embeddable":true,"href":"https:\/\/rdnews.al\/index.php\/wp-json\/wp\/v2\/categories?post=83154"},{"taxonomy":"post_tag","embeddable":true,"href":"https:\/\/rdnews.al\/index.php\/wp-json\/wp\/v2\/tags?post=83154"}],"curies":[{"name":"wp","href":"https:\/\/api.w.org\/{rel}","templated":true}]}}