{"id":83159,"date":"2024-06-26T09:54:16","date_gmt":"2024-06-26T09:54:16","guid":{"rendered":"https:\/\/rdnews.al\/?p=83159"},"modified":"2024-06-26T10:22:20","modified_gmt":"2024-06-26T10:22:20","slug":"skandali-tek-onkologjiku-gjergji-spak-te-thelloje-hetimin-krimet-ne-shendetesi-kane-emer","status":"publish","type":"post","link":"https:\/\/rdnews.al\/index.php\/2024\/06\/26\/skandali-tek-onkologjiku-gjergji-spak-te-thelloje-hetimin-krimet-ne-shendetesi-kane-emer\/","title":{"rendered":"Skandali tek Onkologjiku\/ Gjergji: SPAK t\u00eb thelloj\u00eb hetimin, krimet n\u00eb sh\u00ebndet\u00ebsi kan\u00eb em\u00ebr!"},"content":{"rendered":"<p>Kryetarja e Komisionit t\u00eb Sh\u00ebndet\u00ebsis\u00eb, Zheni Gjergji ka reaguar ashp\u00ebr p\u00ebr skandalin n\u00eb spitalin Onkologjik t\u00eb Tiran\u00ebs, ku mjek\u00eb dhe infermier\u00eb, apo punonj\u00ebs, abuzonin me medikamentet p\u00ebr t\u00eb s\u00ebmur\u00ebt me kancer.<\/p>\n<p>N\u00eb nj\u00eb deklarat\u00eb p\u00ebr mediat nga kryesia e Kuvendit, Gjergji i b\u00ebri thirrje SPAK q\u00eb t\u00eb hetoj\u00eb ngjarjen n\u00eb fjal\u00eb, dhe deklaroi se, \u201ckrimet n\u00eb sh\u00ebndet\u00ebsi kan\u00eb em\u00ebr, dhe p\u00ebr t\u00eb pasur drejt\u00ebsi t\u00eb v\u00ebrtet\u00eb, prangat duhet t\u00eb k\u00ebrcasin edhe m\u00eb lart, n\u00eb krye t\u00eb pun\u00ebve\u201d.<\/p>\n<p><strong>Deklarata e deputetes<\/strong><\/p>\n<p>Shqiptar\u00ebt kan\u00eb m\u00ebsuar t\u00eb tronditur nga publikimet n\u00eb media t\u00eb v\u00ebrtet\u00ebn rr\u00ebqeth\u00ebse dhe shokuese t\u00eb sh\u00ebndet\u00ebsis\u00eb n\u00eb Spitalin Onkologjik n\u00eb Qendr\u00ebn Spitalore \u201cN\u00ebn\u00eb Tereza\u201d, e cila kalon p\u00ebrmasat thjesht\u00eb t\u00eb nj\u00eb abuzimi t\u00eb disa mjek\u00ebve dhe stafit mjek\u00ebsor\u00eb n\u00eb bashk\u00ebpunim me subjekte private t\u00eb fush\u00ebs s\u00eb sh\u00ebndet\u00ebsis\u00eb. Jeta dhe fati i mij\u00ebra qytetar\u00ebve shqiptar\u00eb t\u00eb diagnostikuar me s\u00ebmundje tumorale, shpesh terminale, n\u00eb vend q\u00eb t\u00eb gjenin nj\u00eb trajtim dinjitoz sh\u00ebndet\u00ebsor publik, n\u00eb fakt jan\u00eb p\u00ebrballur me nj\u00eb abuzim c\u2019njerzor, duke u trajtuar si plack\u00eb p\u00ebr p\u00ebrfitime financiare midis stafit sh\u00ebndet\u00ebsor, drejtueseve t\u00eb institucionit, klinikave private dhe firmave farmaceutike klienteliste. Rastet e mjek\u00ebve q\u00eb b\u00ebjn\u00eb biznes me jet\u00ebn e pacient\u00ebve jan\u00eb t\u00eb r\u00ebnda, kriminale. \u00c7do shkelje e etik\u00ebs, \u00e7do abuzim me bluz\u00ebn e bardh\u00eb, me betimin e Hipokratit, \u00ebsht\u00eb e d\u00ebnueshme.<\/p>\n<p>Zem\u00ebrata e qytetar\u00ebve pas daljes n\u00eb media t\u00eb bisedave, pjes\u00eb e dosjes penale, \u00ebsht\u00eb e kuptueshme. Organet e drejt\u00ebsis\u00eb do t\u00eb duhet t\u00eb thellojn\u00eb hetimet tek Spitali Onkologjik dhe n\u00eb t\u00eb gjith\u00eb rrjetin e sh\u00ebrbimeve sh\u00ebndet\u00ebsore. Megjithat\u00eb, nuk mund t\u00eb njollosen te gjith\u00eb mjek\u00ebt e puna e tyre shpesh n\u00eb kufinjt\u00eb e sakrific\u00ebs njer\u00ebzore. Por nga ana tjet\u00ebr cdo bluz\u00eb e bardh\u00eb q\u00eb abuzon me detyr\u00ebn, do t\u00eb duhet t\u00eb p\u00ebrballet me forc\u00ebn e pam\u00ebshirshme t\u00eb ligjit. Rasti i personelit sh\u00ebndet\u00ebsor tek Onkologjiku nuk mund t\u00eb trajtohet si nj\u00eb rast izoluar. Ministria e Sh\u00ebndet\u00ebsis\u00eb dhe Mbrotjes Sociale, dhe t\u00eb gjitha institucionet p\u00ebrgjegj\u00ebse vart\u00ebse do t\u00eb duhet t\u00eb mbajn\u00eb p\u00ebrgjegj\u00ebsi.<\/p>\n<p><span style=\"font-style: inherit; font-weight: inherit;\">E v\u00ebrteta e sh\u00ebndet\u00ebsis\u00eb, e Onkologjikut, e sh\u00ebrbimeve t\u00eb reduktuara, apo e munges\u00ebs s\u00eb ila\u00e7eve duhet k\u00ebrkuar tek p\u00ebrgjegj\u00ebsit kryesor, q\u00eb jan\u00eb qeveria dhe Ministria e Sh\u00ebndet\u00ebsis\u00eb. SPAK dhe organet e Drejt\u00ebsis\u00eb do t\u00eb duhet t\u00eb angazhohen n\u00eb nj\u00eb hetim t\u00eb thelluar pse mungojn\u00eb medikamentet pran\u00eb Onkologjikut dhe sh\u00ebrbimet e tjera spitalore? Pse Ministria e Sh\u00ebndet\u00ebsis\u00eb nuk mori masa ndon\u00ebse prej muajsh Opozita, qytetar\u00ebt dhe mediat kan\u00eb denoncuar situat\u00ebn e r\u00ebnd\u00eb n\u00eb Onkologjik dhe n\u00eb sistemin ton\u00eb sh\u00ebndet\u00ebsor? \u00cbsht\u00eb prov\u00eb besimi p\u00ebr SPAK q\u00eb k\u00ebsaj problematike skandaloze t\u00eb munges\u00ebs s\u00eb medikamenteve, t\u00eb mos trajtimit sh\u00ebndet\u00ebsor t\u00eb duhur, vjedhjeve dhe abuzimeve ti jap\u00eb p\u00ebrgjigje me forc\u00ebn e ligjit.<\/span><\/p>\n<p>P\u00ebrpara se media t\u00eb hidhte drit\u00eb e prokuroria t\u00eb vepronte, Rama dhe Manastirliu e dinin mir\u00eb gjendjen, por nuk nd\u00ebrmor\u00ebn asnj\u00eb veprim.<\/p>\n<p>Raporti i Kontrollit t\u00eb Lart\u00eb t\u00eb Shtetit i vitit 2022 p\u00ebr S\u00ebmundjet Tumorale ishte nj\u00eb ul\u00ebrim\u00eb p\u00ebr autoritetet, p\u00ebr Ministrin\u00eb e Sh\u00ebndet\u00ebsis\u00eb dhe Kryeministrin Rama, por ata nuk kishin koh\u00eb ta shihnin realitetin e tmerrsh\u00ebm me t\u00eb cilin pacient\u00ebt p\u00ebrballen \u00e7do dit\u00eb n\u00eb Spitalin Onkologjik. Disa her\u00eb e kemi ngritur k\u00ebt\u00eb shqet\u00ebsim bashk\u00eb me koleg\u00eb t\u00eb Opozit\u00ebs n\u00eb Komisionin e Sh\u00ebndet\u00ebsis\u00eb dhe n\u00eb Parlament, por deputet\u00ebt e mazhoranc\u00ebs e kan\u00eb par\u00eb politikisht, dhe n\u00eb m\u00ebnyr\u00eb partiake e nuk kishin d\u00ebshir\u00eb t\u00eb d\u00ebgjonin, ata ishin t\u00eb fokusuar tek propaganda e Manastirliut dhe Ram\u00ebs p\u00ebr \u201csh\u00ebndet\u00ebsi falas\u201d dhe i sh\u00ebrbyen asaj me sy e vesh\u00eb mbyllur!<\/p>\n<p>Esht\u00eb m\u00eb shum\u00eb se kriminale t\u2019u mohosh pacient\u00ebve me s\u00ebmundje tumorale trajtimin me kimioterapi apo radioterapi.<\/p>\n<p>Esht\u00eb \u00e7\u2019njer\u00ebzore. Brakiterapia dhe Ortovoltazhi nuk kan\u00eb punuar p\u00ebr nj\u00eb koh\u00eb t\u00eb gjat\u00eb n\u00eb vitin 2022 duke i hequr t\u00eb drejt\u00ebn e jet\u00ebs rreth 600 grave. Aparatura e kobaltit prej vitesh nuk vihet n\u00eb pun\u00eb, por q\u00ebndron korridoret e Spitalilit Onkologjik, si nj\u00eb d\u00ebshmi se jeta vlen shum\u00eb pak.<\/p>\n<p>Edi Rama dhe Ogerta Manastirliu e dinin k\u00ebt\u00eb fakt, dhe nuk soll\u00ebn asnj\u00eb p\u00ebrmir\u00ebsim. Nuk mor\u00ebn asnj\u00eb mas\u00eb.<\/p>\n<p>K\u00ebto jan\u00eb \u00e7\u00ebshtje q\u00eb nuk i zgjidh dot nj\u00eb mjek, apo nj\u00eb shef sh\u00ebrbimi. K\u00ebrkojn\u00eb vullnet politik dhe buxhet.<\/p>\n<p>Raporti i Kontrollit t\u00eb Lart\u00eb t\u00eb Shtetit b\u00ebn t\u00eb ditur se megjith\u00ebse rastet me tumore n\u00eb vendin ton\u00eb jan\u00eb shtuar shum\u00eb vitet e fundit, fondet e Spitalit Onkologjik kan\u00eb ngelur t\u00eb nj\u00ebjta, t\u00eb pandryshuara. Kjo do t\u00eb thot\u00eb t\u2019i l\u00ebsh njer\u00ebzit n\u00eb dor\u00eb t\u00eb zotit, e pastaj kush ka mund\u00ebsi t\u00eb provoj\u00eb dar\u00ebn e r\u00ebnd\u00eb t\u00eb privatit. Edi Rama, Ogerta Manastirliu dhe Ilir Beqa i gjenin menj\u00ebhere lek\u00ebt q\u00eb duheshin p\u00ebr koncesionet, nd\u00ebrsa nuk shtuan n\u00eb k\u00ebto 11 vite buxhetin p\u00ebr medikamente, paisje apo rikonstruksion tek Onkologjiku.<\/p>\n<p>Nuk b\u00ebn\u00eb asgj\u00eb p\u00ebr t\u00eb rritur kontrollin e p\u00ebr t\u00eb p\u00ebrmir\u00ebsuar sh\u00ebrbimin jetik ndaj njer\u00ebzve. Ndaj jan\u00eb sot, ata t\u00eb par\u00ebt q\u00eb duhet t\u00eb mbajn\u00eb p\u00ebrgjegj\u00ebsi. Qytetar\u00ebve shqiptar\u00eb nuk mund ti ofrohet thjesht\u00eb nj\u00eb deklarat\u00eb publike shfaj\u00ebsimi por p\u00ebrballje t\u00eb p\u00ebrgjegj\u00ebsive t\u00eb drejt\u00ebp\u00ebrdrejta q\u00eb mbart Ministria e Sh\u00ebndet\u00ebsis\u00eb p\u00ebr rastin n\u00eb fjal\u00eb, duke e nisur nga Kuvendi i Shqip\u00ebris\u00eb, n\u00ebp\u00ebrmjet k\u00ebsaj deklarate e k\u00ebrkese p\u00ebr interpelanc\u00eb urgjente me Ministren e Sh\u00ebndet\u00ebsis\u00eb. Krimet n\u00eb sh\u00ebndet\u00ebsi kan\u00eb em\u00ebr, dhe p\u00ebr t\u00eb pasur drejt\u00ebsi t\u00eb v\u00ebrtet\u00eb, prangat duhet t\u00eb k\u00ebrcasin edhe m\u00eb lart, n\u00eb krye t\u00eb pun\u00ebve.<\/p>\n","protected":false},"excerpt":{"rendered":"<p>Kryetarja e Komisionit t\u00eb Sh\u00ebndet\u00ebsis\u00eb, Zheni Gjergji ka reaguar ashp\u00ebr p\u00ebr skandalin n\u00eb spitalin Onkologjik t\u00eb Tiran\u00ebs, ku mjek\u00eb dhe infermier\u00eb, apo punonj\u00ebs, abuzonin me medikamentet p\u00ebr t\u00eb s\u00ebmur\u00ebt me kancer. N\u00eb nj\u00eb deklarat\u00eb p\u00ebr mediat nga kryesia e Kuvendit, Gjergji i b\u00ebri thirrje SPAK q\u00eb t\u00eb hetoj\u00eb ngjarjen n\u00eb fjal\u00eb, dhe deklaroi se, \u201ckrimet &hellip;<\/p>\n","protected":false},"author":4,"featured_media":83175,"comment_status":"closed","ping_status":"closed","sticky":false,"template":"","format":"standard","meta":{"footnotes":""},"categories":[37],"tags":[],"class_list":["post-83159","post","type-post","status-publish","format-standard","has-post-thumbnail","","category-politike"],"_links":{"self":[{"href":"https:\/\/rdnews.al\/index.php\/wp-json\/wp\/v2\/posts\/83159","targetHints":{"allow":["GET"]}}],"collection":[{"href":"https:\/\/rdnews.al\/index.php\/wp-json\/wp\/v2\/posts"}],"about":[{"href":"https:\/\/rdnews.al\/index.php\/wp-json\/wp\/v2\/types\/post"}],"author":[{"embeddable":true,"href":"https:\/\/rdnews.al\/index.php\/wp-json\/wp\/v2\/users\/4"}],"replies":[{"embeddable":true,"href":"https:\/\/rdnews.al\/index.php\/wp-json\/wp\/v2\/comments?post=83159"}],"version-history":[{"count":0,"href":"https:\/\/rdnews.al\/index.php\/wp-json\/wp\/v2\/posts\/83159\/revisions"}],"wp:featuredmedia":[{"embeddable":true,"href":"https:\/\/rdnews.al\/index.php\/wp-json\/wp\/v2\/media\/83175"}],"wp:attachment":[{"href":"https:\/\/rdnews.al\/index.php\/wp-json\/wp\/v2\/media?parent=83159"}],"wp:term":[{"taxonomy":"category","embeddable":true,"href":"https:\/\/rdnews.al\/index.php\/wp-json\/wp\/v2\/categories?post=83159"},{"taxonomy":"post_tag","embeddable":true,"href":"https:\/\/rdnews.al\/index.php\/wp-json\/wp\/v2\/tags?post=83159"}],"curies":[{"name":"wp","href":"https:\/\/api.w.org\/{rel}","templated":true}]}}