{"id":83187,"date":"2024-06-26T10:48:35","date_gmt":"2024-06-26T10:48:35","guid":{"rendered":"https:\/\/rdnews.al\/?p=83187"},"modified":"2024-06-26T10:50:33","modified_gmt":"2024-06-26T10:50:33","slug":"biznesmeni-i-njohur-ne-sarande-dyshohet-se-u-vra-me-eksploziv-si-mashtroi-policia-ne-njoftimin-zyrtar","status":"publish","type":"post","link":"https:\/\/rdnews.al\/index.php\/2024\/06\/26\/biznesmeni-i-njohur-ne-sarande-dyshohet-se-u-vra-me-eksploziv-si-mashtroi-policia-ne-njoftimin-zyrtar\/","title":{"rendered":"Biznesmeni i njohur n\u00eb Sarand\u00eb dyshohet se u vra me eksploziv, si mashtroi policia n\u00eb njoftimin zyrtar"},"content":{"rendered":"<p>Viktima e shp\u00ebrthimit t\u00eb s\u00eb h\u00ebn\u00ebs n\u00eb Sarand\u00eb \u00ebsht\u00eb biznesmeni Armand\u00a0Nelaj, 52 vje\u00e7.<\/p>\n<p>Nelaj ishte biznesmen prej 13 vitesh n\u00eb k\u00ebt\u00eb qytet dhe zot\u00ebronte nj\u00eb kompani t\u00eb mjeteve t\u00eb r\u00ebnda t\u00eb nd\u00ebrtimit.<\/p>\n<p>Policia ende nuk ka dal\u00eb me nj\u00eb version zyrtar p\u00ebr arsyen e shp\u00ebrthimit, pasi pritet akti i ekspertimit.<\/p>\n<p>Nd\u00ebrkoh\u00eb ngjarja po hetohet n\u00eb dy pista, ajo e shp\u00ebrthimit t\u00eb bombol\u00ebs s\u00eb oksigjenit teksa 52-vje\u00e7ari po zhytej n\u00eb det, por nuk p\u00ebrjashtohet mund\u00ebsia q\u00eb t\u2019i jet\u00eb b\u00ebr\u00eb atentat me tritol.<\/p>\n<p>K\u00ebto dyshime t\u00eb fundit lind\u00ebn pasi gjat\u00eb kontrollit n\u00eb uj\u00ebra nga polumbar\u00ebt u gjet\u00ebn cop\u00ebza metalike q\u00eb mendohet se i p\u00ebrkasin mjetit ku ishte Armandi Nelaj.<\/p>\n<p>Biznesmeni Nelaj \u00ebsht\u00eb p\u00ebrmendur m\u00eb her\u00ebt edhe p\u00ebr nj\u00eb afer\u00eb p\u00ebr tjet\u00ebrsimin e nj\u00eb prone publike, lulishte n\u00eb qend\u00ebr t\u00eb qytetit t\u00eb Sarand\u00ebs.<\/p>\n<p>Nd\u00ebrkoh\u00eb e gjith\u00eb ngjarja \u00ebsht\u00eb e mbuluar me mister edhe p\u00ebr shkak t\u00eb koh\u00ebs kur ndodhi, pik\u00ebrisht n\u00eb or\u00ebn 22:00 kur gjith\u00eb v\u00ebmendja ishte n\u00eb p\u00ebrballjen Shqip\u00ebri-Spanj\u00eb.<\/p>\n<p>Viktima u gjet nga dy shtetas t\u00eb huaj, t\u00eb cil\u00ebt udh\u00ebtonin me nj\u00eb gomone drejt skafit t\u00eb tyre. K\u00ebta dy persona e kan\u00eb nxjerr\u00eb menj\u00ebher\u00eb nga uji dhe e kan\u00eb transportuar drejt portit t\u00eb Sarand\u00ebs, ku m\u00eb pas \u00ebsht\u00eb marr\u00eb nga ambulanca p\u00ebr ta d\u00ebrguar n\u00eb spital.<\/p>\n<p>Pavar\u00ebsisht p\u00ebrpjekjeve p\u00ebr ta shp\u00ebtuar, biznesmeni nuk ka arritur t\u00eb mbijetoj\u00eb.<\/p>\n<p><strong>Njoftimi i policise<\/strong><\/p>\n<p>Sarand\u00eb\/Informacion paraprak<\/p>\n<p>Sot, n\u00eb af\u00ebrsi t\u00eb Portit Detar t\u00eb Sarand\u00ebs, nj\u00eb palombari ende t\u00eb paidentifikuar, dyshohet se i ka shp\u00ebrthyer aksidentalisht gjat\u00eb zhytjes n\u00eb det bombula e oksigjenit, ku p\u00ebr pasoj\u00eb ka humbur jet\u00ebn.<\/p>\n<p>Grupi hetimor ndodhet n\u00eb vendngjarje dhe po punon p\u00ebr zbardhjen e plot\u00eb t\u00eb rrethanave t\u00eb ngjarjes, si dhe p\u00ebr identifikimin e shtetasit q\u00eb ka nd\u00ebrruar jet\u00eb<\/p>\n","protected":false},"excerpt":{"rendered":"<p>Viktima e shp\u00ebrthimit t\u00eb s\u00eb h\u00ebn\u00ebs n\u00eb Sarand\u00eb \u00ebsht\u00eb biznesmeni Armand\u00a0Nelaj, 52 vje\u00e7. Nelaj ishte biznesmen prej 13 vitesh n\u00eb k\u00ebt\u00eb qytet dhe zot\u00ebronte nj\u00eb kompani t\u00eb mjeteve t\u00eb r\u00ebnda t\u00eb nd\u00ebrtimit. Policia ende nuk ka dal\u00eb me nj\u00eb version zyrtar p\u00ebr arsyen e shp\u00ebrthimit, pasi pritet akti i ekspertimit. Nd\u00ebrkoh\u00eb ngjarja po hetohet n\u00eb &hellip;<\/p>\n","protected":false},"author":3,"featured_media":83190,"comment_status":"closed","ping_status":"closed","sticky":false,"template":"","format":"standard","meta":{"footnotes":""},"categories":[37],"tags":[],"class_list":["post-83187","post","type-post","status-publish","format-standard","has-post-thumbnail","","category-politike"],"_links":{"self":[{"href":"https:\/\/rdnews.al\/index.php\/wp-json\/wp\/v2\/posts\/83187","targetHints":{"allow":["GET"]}}],"collection":[{"href":"https:\/\/rdnews.al\/index.php\/wp-json\/wp\/v2\/posts"}],"about":[{"href":"https:\/\/rdnews.al\/index.php\/wp-json\/wp\/v2\/types\/post"}],"author":[{"embeddable":true,"href":"https:\/\/rdnews.al\/index.php\/wp-json\/wp\/v2\/users\/3"}],"replies":[{"embeddable":true,"href":"https:\/\/rdnews.al\/index.php\/wp-json\/wp\/v2\/comments?post=83187"}],"version-history":[{"count":0,"href":"https:\/\/rdnews.al\/index.php\/wp-json\/wp\/v2\/posts\/83187\/revisions"}],"wp:featuredmedia":[{"embeddable":true,"href":"https:\/\/rdnews.al\/index.php\/wp-json\/wp\/v2\/media\/83190"}],"wp:attachment":[{"href":"https:\/\/rdnews.al\/index.php\/wp-json\/wp\/v2\/media?parent=83187"}],"wp:term":[{"taxonomy":"category","embeddable":true,"href":"https:\/\/rdnews.al\/index.php\/wp-json\/wp\/v2\/categories?post=83187"},{"taxonomy":"post_tag","embeddable":true,"href":"https:\/\/rdnews.al\/index.php\/wp-json\/wp\/v2\/tags?post=83187"}],"curies":[{"name":"wp","href":"https:\/\/api.w.org\/{rel}","templated":true}]}}