{"id":83212,"date":"2024-06-26T12:41:16","date_gmt":"2024-06-26T12:41:16","guid":{"rendered":"https:\/\/rdnews.al\/?p=83212"},"modified":"2024-06-26T12:41:16","modified_gmt":"2024-06-26T12:41:16","slug":"berisha-tregon-arsyen-pse-koleget-nuk-e-lejojne-veliajn-te-dale-jashte-vendit","status":"publish","type":"post","link":"https:\/\/rdnews.al\/index.php\/2024\/06\/26\/berisha-tregon-arsyen-pse-koleget-nuk-e-lejojne-veliajn-te-dale-jashte-vendit\/","title":{"rendered":"Berisha tregon arsyen pse &#8220;koleg\u00ebt&#8221; nuk e lejojn\u00eb Veliajn t\u00eb dal\u00eb jasht\u00eb vendit"},"content":{"rendered":"<p>N\u00eb nj\u00eb postim t\u00eb shkurt\u00ebr t\u00eb rrjetet sociale, Kryetari I PD, Sali Berisha tregon arsyet se p\u00ebrse \u201ckoleg\u00ebt\u201d e SPAK nuk e lejojn\u00eb Veliajn q\u00eb t\u00eb dal\u00eb jasht\u00eb vendit. Berisha thot\u00eb se Rama ka frik\u00eb nga Veliaj dhe ato q\u00eb ai mund t\u00eb thot\u00eb jasht\u00eb vendit.<\/p>\n<p>&#8220;Koleg\u00ebt e SPAK-ut me urdh\u00ebr t\u00eb Ram\u00ebs nuk e lejojn\u00eb t\u00eb dal\u00eb jasht\u00eb vendi. Motivi spiunon Ram\u00ebn me keq se Arben Ahmetaj&#8221;, shprehet Berisha.<\/p>\n","protected":false},"excerpt":{"rendered":"<p>N\u00eb nj\u00eb postim t\u00eb shkurt\u00ebr t\u00eb rrjetet sociale, Kryetari I PD, Sali Berisha tregon arsyet se p\u00ebrse \u201ckoleg\u00ebt\u201d e SPAK nuk e lejojn\u00eb Veliajn q\u00eb t\u00eb dal\u00eb jasht\u00eb vendit. Berisha thot\u00eb se Rama ka frik\u00eb nga Veliaj dhe ato q\u00eb ai mund t\u00eb thot\u00eb jasht\u00eb vendit. &#8220;Koleg\u00ebt e SPAK-ut me urdh\u00ebr t\u00eb Ram\u00ebs nuk e &hellip;<\/p>\n","protected":false},"author":3,"featured_media":83213,"comment_status":"closed","ping_status":"closed","sticky":false,"template":"","format":"standard","meta":{"footnotes":""},"categories":[37],"tags":[],"class_list":["post-83212","post","type-post","status-publish","format-standard","has-post-thumbnail","","category-politike"],"_links":{"self":[{"href":"https:\/\/rdnews.al\/index.php\/wp-json\/wp\/v2\/posts\/83212","targetHints":{"allow":["GET"]}}],"collection":[{"href":"https:\/\/rdnews.al\/index.php\/wp-json\/wp\/v2\/posts"}],"about":[{"href":"https:\/\/rdnews.al\/index.php\/wp-json\/wp\/v2\/types\/post"}],"author":[{"embeddable":true,"href":"https:\/\/rdnews.al\/index.php\/wp-json\/wp\/v2\/users\/3"}],"replies":[{"embeddable":true,"href":"https:\/\/rdnews.al\/index.php\/wp-json\/wp\/v2\/comments?post=83212"}],"version-history":[{"count":0,"href":"https:\/\/rdnews.al\/index.php\/wp-json\/wp\/v2\/posts\/83212\/revisions"}],"wp:featuredmedia":[{"embeddable":true,"href":"https:\/\/rdnews.al\/index.php\/wp-json\/wp\/v2\/media\/83213"}],"wp:attachment":[{"href":"https:\/\/rdnews.al\/index.php\/wp-json\/wp\/v2\/media?parent=83212"}],"wp:term":[{"taxonomy":"category","embeddable":true,"href":"https:\/\/rdnews.al\/index.php\/wp-json\/wp\/v2\/categories?post=83212"},{"taxonomy":"post_tag","embeddable":true,"href":"https:\/\/rdnews.al\/index.php\/wp-json\/wp\/v2\/tags?post=83212"}],"curies":[{"name":"wp","href":"https:\/\/api.w.org\/{rel}","templated":true}]}}