{"id":83221,"date":"2024-06-26T18:05:51","date_gmt":"2024-06-26T18:05:51","guid":{"rendered":"https:\/\/rdnews.al\/?p=83221"},"modified":"2024-06-26T18:05:51","modified_gmt":"2024-06-26T18:05:51","slug":"deshton-takimi-ne-bruksel-kurti-kerkova-nenshkrimin-e-marreveshjes-terheqjen-e-letres-se-bernabic-dorezimin-e-radojicic","status":"publish","type":"post","link":"https:\/\/rdnews.al\/index.php\/2024\/06\/26\/deshton-takimi-ne-bruksel-kurti-kerkova-nenshkrimin-e-marreveshjes-terheqjen-e-letres-se-bernabic-dorezimin-e-radojicic\/","title":{"rendered":"D\u00ebshton takimi n\u00eb Bruksel\/ Kurti: K\u00ebrkova n\u00ebnshkrimin e marr\u00ebveshjes, t\u00ebrheqjen e letr\u00ebs s\u00eb B\u00ebrnabi\u00e7, dor\u00ebzimin e Radoji\u00e7i\u00e7"},"content":{"rendered":"<p>Kryeministri i Kosov\u00ebs, Albin Kurti ka folur pas d\u00ebshtimit t\u00eb mbajtjes s\u00eb takimit trepal\u00ebsh n\u00eb Bruksel.<\/p>\n<p>Kurti tha se q\u00eb nga takimi I fundit q\u00eb kan\u00eb pasur trepal\u00ebsh, kan\u00eb ndryshuar shum\u00eb gj\u00ebra, duke filluar nga sulmi terrorist n\u00eb Banjsk\u00eb e deri tek letra p\u00ebr marr\u00ebveshjen bazike t\u00eb ish-kryeministres serbe, Ana B\u00ebrnabi\u00e7.<\/p>\n<p>Kurti ka p\u00ebrmendur tri garancionet q\u00eb i ka k\u00ebrkuar n\u00eb k\u00ebt\u00eb takim.<\/p>\n<p>\u201cHera e fundit kur kemi pasur takim ka qen\u00eb me 14 shtator, nj\u00eb dit\u00eb para sulmit terrorist. Ka ndodhur shum\u00ebcka prej at\u00ebher\u00eb, ka ndodhur Banjska ka ndodhur edhe letra e t\u00ebrheqjes e marr\u00ebveshjes bazike. Sic e tha edhe vet\u00eb Borrell un\u00eb kam k\u00ebrkuar garancionin p\u00ebr mir\u00ebbesim dhe vullnet t\u00eb mir\u00eb t\u00eb cil\u00ebt mund\u00ebsojn\u00eb zbatimin e marr\u00ebveshjes, dhe k\u00ebto vijne n\u00ebp\u00ebrmjet tri garancioneve q\u00eb kam theksuar, e para \u00ebsht\u00eb n\u00ebnshkrimi i marr\u00ebveshjes bazike, e dyta \u00ebsht\u00eb t\u00ebrheqja e letres s\u00eb B\u00ebrnabi\u00e7 sepse aty thot\u00eb q\u00eb nuk pranohet pavar\u00ebsia e Kosov\u00ebs, ul\u00ebsja e OKB\u2019s\u00eb dhe integriteti territorial dhe garancia e tret\u00eb \u00ebsht\u00eb dor\u00ebzimi i Radoj\u00e7itit autoriteteve t\u00eb Kosov\u00ebs\u201d, tha Kurti.<\/p>\n<p>Kryediplomati i BE, Joseph Borel n\u00eb nj\u00eb konferenc\u00eb p\u00ebr media ka treguar arsyet e d\u00ebshtimit t\u00eb takimit Kurti-Vu\u00e7i\u00e7. Sipas Borell, Kurti paraqiti tri kushte p\u00ebr ta takuar Vu\u00e7i\u00e7in.<\/p>\n<p>\u201cSepse kurti paraqiti tri kushte, dhe po e citoj at\u00eb \u201cs\u00eb pari, formalizimi i marr\u00ebveshjes bazike p\u00ebrmes n\u00ebnshkrimit nga qeverit\u00eb p\u00ebrkat\u00ebse, kjo k\u00ebrkes\u00eb e vjet\u00ebr. T\u00ebrheqjen e letr\u00ebs s\u00eb Brnabi\u00e7it 13 n\u00eb dhjetor t\u00eb vitit t\u00eb kaluar, po flasim pra p\u00ebr gj\u00ebra q\u00eb kan\u00eb ndodhur para gjasht\u00eb muajsh, dhe 3, q\u00eb t\u00eb dor\u00ebzoj\u00eb Radoj\u00e7i\u00e7in dhe ushtara\u00ebt paraushtarka n\u00eb Kosov\u00eb\u201d,\u00a0ka th\u00ebn\u00eb Borell.<\/p>\n","protected":false},"excerpt":{"rendered":"<p>Kryeministri i Kosov\u00ebs, Albin Kurti ka folur pas d\u00ebshtimit t\u00eb mbajtjes s\u00eb takimit trepal\u00ebsh n\u00eb Bruksel. Kurti tha se q\u00eb nga takimi I fundit q\u00eb kan\u00eb pasur trepal\u00ebsh, kan\u00eb ndryshuar shum\u00eb gj\u00ebra, duke filluar nga sulmi terrorist n\u00eb Banjsk\u00eb e deri tek letra p\u00ebr marr\u00ebveshjen bazike t\u00eb ish-kryeministres serbe, Ana B\u00ebrnabi\u00e7. Kurti ka p\u00ebrmendur tri &hellip;<\/p>\n","protected":false},"author":4,"featured_media":83222,"comment_status":"closed","ping_status":"closed","sticky":false,"template":"","format":"standard","meta":{"footnotes":""},"categories":[38],"tags":[],"class_list":["post-83221","post","type-post","status-publish","format-standard","has-post-thumbnail","","category-bota"],"_links":{"self":[{"href":"https:\/\/rdnews.al\/index.php\/wp-json\/wp\/v2\/posts\/83221","targetHints":{"allow":["GET"]}}],"collection":[{"href":"https:\/\/rdnews.al\/index.php\/wp-json\/wp\/v2\/posts"}],"about":[{"href":"https:\/\/rdnews.al\/index.php\/wp-json\/wp\/v2\/types\/post"}],"author":[{"embeddable":true,"href":"https:\/\/rdnews.al\/index.php\/wp-json\/wp\/v2\/users\/4"}],"replies":[{"embeddable":true,"href":"https:\/\/rdnews.al\/index.php\/wp-json\/wp\/v2\/comments?post=83221"}],"version-history":[{"count":0,"href":"https:\/\/rdnews.al\/index.php\/wp-json\/wp\/v2\/posts\/83221\/revisions"}],"wp:featuredmedia":[{"embeddable":true,"href":"https:\/\/rdnews.al\/index.php\/wp-json\/wp\/v2\/media\/83222"}],"wp:attachment":[{"href":"https:\/\/rdnews.al\/index.php\/wp-json\/wp\/v2\/media?parent=83221"}],"wp:term":[{"taxonomy":"category","embeddable":true,"href":"https:\/\/rdnews.al\/index.php\/wp-json\/wp\/v2\/categories?post=83221"},{"taxonomy":"post_tag","embeddable":true,"href":"https:\/\/rdnews.al\/index.php\/wp-json\/wp\/v2\/tags?post=83221"}],"curies":[{"name":"wp","href":"https:\/\/api.w.org\/{rel}","templated":true}]}}