{"id":83318,"date":"2024-06-27T16:03:12","date_gmt":"2024-06-27T16:03:12","guid":{"rendered":"https:\/\/rdnews.al\/?p=83318"},"modified":"2024-06-27T16:03:26","modified_gmt":"2024-06-27T16:03:26","slug":"mesazhi-qe-dha-deshtimi-i-takimit-kurti-vuciq-ne-bruksel","status":"publish","type":"post","link":"https:\/\/rdnews.al\/index.php\/2024\/06\/27\/mesazhi-qe-dha-deshtimi-i-takimit-kurti-vuciq-ne-bruksel\/","title":{"rendered":"Mesazhi q\u00eb dha d\u00ebshtimi i takimit Kurti \u2013 Vu\u00e7i\u00e7 n\u00eb Bruksel!"},"content":{"rendered":"<p><strong>Enver Byty\u00e7i<\/strong><\/p>\n<p>Dje pati pritje e shpresa t\u00eb m\u00ebdha se nj\u00eb takim tripal\u00ebsh midis kryeministrit Kurti, presidentit Vu\u00e7iq dhe zotit Borrel e zotit Laj\u00e7ak do t\u00eb p\u00ebrfundonte me nj\u00eb hap t\u00eb r\u00ebnd\u00ebsish\u00ebm n\u00eb drejtim t\u00eb normalizimit t\u00eb marr\u00ebdh\u00ebnieve Kosov\u00eb-Serbi. Por ndodhi e kund\u00ebrta. Kryeministri i Kosov\u00ebs vendosi kushte p\u00ebr nj\u00eb takim dhe bisedime me presidentin Vu\u00e7iq gjat\u00eb takimit t\u00eb par\u00eb e t\u00eb dyt\u00eb t\u00eb tij me shefin e diplomacis\u00eb europiane, Joseph Borrell. K\u00ebto kushte u sintetizuan me k\u00ebrkes\u00ebn q\u00eb marr\u00ebveshja e Brukselit dhe plani i zbatimit t\u00eb n\u00ebnshkruhen nga t\u00eb dy pal\u00ebt, Kosova dhe Serbia. Q\u00eb t\u00eb t\u00ebrhiqej letra e dhjetorit t\u00eb vitit t\u00eb kaluar, t\u00eb cil\u00ebn ish-kryeministrja e Serbis\u00eb, Brnabiq, ia d\u00ebrkoi K\u00ebshillit Europian, ku lajm\u00ebronte se Serbia heq dor\u00eb nga pikat e marr\u00ebveshjes p\u00ebr njohjen e integritetit territorial dhe pranimin e Kosov\u00ebs n\u00eb OKB e organizata t\u00eb tjera nd\u00ebrkomb\u00ebtare. Dhe s\u00eb treti, Kurti i k\u00ebrkoi Borrell q\u00eb Serbia t\u00eb dor\u00ebzoj\u00eb te autoritetet gjyq\u00ebsore t\u00eb Kosov\u00ebs Radoi\u00e7i\u00e7in dhe terrorist\u00ebt e tjer\u00eb q\u00eb Beogradi aktivizoi n\u00eb Banjsk\u00eb m\u00eb 24 shtator 2024.<\/p>\n<p>Me nj\u00eb fjal\u00eb, kryeministri Kosov\u00ebs k\u00ebrkoi garanci juridike t\u00eb logjikshme e racionale, me q\u00ebllim q\u00eb t\u00eb b\u00ebhej takimi midis dy p\u00ebrfaq\u00ebsuesve n\u00eb dialog si dhe nd\u00ebrmjet\u00ebsuesit europian. Arsyetimi ishte se \u201ctani rrethanat kan\u00eb ndryshuar. Jemi n\u00eb nj\u00eb periudh\u00eb post-Banjsk\u00eb, d.m.th pas sulmit terrorist t\u00eb Serbis\u00eb n\u00eb Kosov\u00eb dhe p\u00ebr ta d\u00ebnuar at\u00eb sulm nuk \u00ebsht\u00eb b\u00ebr\u00eb asgj\u00eb. Bisedime e dialog, aq m\u00eb pak marr\u00ebveshje, nuk mund t\u00eb ket\u00eb n\u00eb kushtet e mos-nd\u00ebshkueshm\u00ebris\u00eb s\u00eb atij akti terrorist. Kan\u00eb ndryshuar edhe gj\u00ebra t\u00eb tjera n\u00eb Kosov\u00eb. Iu vun\u00eb asaj sanksione dhe derisa ato t\u00eb hiqen plot\u00ebsisht nuk mund t\u00eb b\u00ebjm\u00eb sikur nuk ka ndodhur asgj\u00eb.<\/p>\n<p>Nd\u00ebrkoh\u00eb n\u00ebnshkrimi i marr\u00ebveshjes s\u00eb Brukselit dhe aneksit t\u00eb Ohrit t\u00eb shkurt-marsit 2023 nga ana e zotit Vu\u00e7iq \u00ebsht\u00eb kusht i panegociuesh\u00ebm, sepse ajo marr\u00ebveshje k\u00ebrkon garanci, madje edhe me ratifikimin e saj n\u00eb parlamentin e Serbis\u00eb dhe depozitimin e saj n\u00eb OKB. Nj\u00eb ish-k\u00ebshilltar i Hashim Tha\u00e7it m\u00eb thoshte dje n\u00eb nj\u00eb diskutim televiziv se \u201cNuk ka nevoj\u00eb t\u00eb k\u00ebrkohet n\u00ebnshkrimi, sepse p\u00ebr marr\u00ebveshjen jan\u00eb garant miqt\u00eb tan\u00eb amerikan\u00eb dhe t\u00eb BE-s\u00eb\u201d! N\u00ebse e b\u00ebjn\u00eb diplomacin\u00eb autodidakt\u00eb si ky k\u00ebshilltari i presidentit t\u00eb ndarjes s\u00eb Kosov\u00ebs n\u00eb ujdi me Vladimir Putin e Aleksand\u00ebr Vu\u00e7iq, at\u00ebher\u00eb Kosova do t\u00eb duhet ta dor\u00ebzoj\u00eb sovranitetin e vet s\u00ebrishmi n\u00eb Beograd. Marr\u00ebveshjet mund t\u00eb garantohen nga SHBA e BE dhe ky \u00ebsht\u00eb nj\u00eb avantazh i madh. Por ato nuk mund t\u00eb quhen marr\u00ebveshje, n\u00ebse nuk n\u00ebnshkruhen e ratifikohen nga sovrani i secilit vend. Kush beson se SHBA e BE garanton marr\u00ebveshje me Serbin\u00eb, ai \u00ebsht\u00eb naiv ose argat i Serbis\u00eb.<\/p>\n<p>Sepse Serbia nuk respekton marr\u00ebveshjet e n\u00ebnshkruara e jo m\u00eb at\u00eb q\u00eb nuk i n\u00ebnshkruan, p\u00ebrkundrazi i ka refuzuar zyrtarisht n\u00eb K\u00ebshillin Europian.<\/p>\n<p>Kusht\u00ebzimet e zotit Kurti nuk jan\u00eb ndaj Serbis\u00eb. Ato i drejtohen pik\u00ebrisht p\u00ebrfaq\u00ebsuesve t\u00eb BE-s\u00eb, zotit Borrell e zotit Laj\u00e7ak, sepse \u00ebsht\u00eb detyr\u00eb e k\u00ebtyre t\u00eb b\u00ebjn\u00eb presion te presidenti i Serbis\u00eb, q\u00eb ai t\u00eb firmos\u00eb marr\u00ebveshjen dhe aneksin e lartp\u00ebrmendur. Mir\u00ebpo Borrell n\u00eb nj\u00eb far\u00eb m\u00ebnyre edhe k\u00ebsaj radhe faj\u00ebsoi kryeministrin e Kosov\u00ebs p\u00ebr d\u00ebshtimin e dialogut, kur tha se \u201cZoti Kurti vendosi kushte\u201d! A nuk \u00ebsht\u00eb vendosje kushtesh refuzimi i presidentit t\u00eb Serbis\u00eb p\u00ebr ta firmosur marr\u00ebveshjen dhe aneksin n\u00eb fjal\u00eb? A nuk \u00ebsht\u00eb n\u00eb kund\u00ebrshtim me frym\u00ebn e dialogut e t\u00eb marr\u00ebveshjes mbrojtja q\u00eb Vu\u00e7iq i b\u00ebn Radoi\u00e7i\u00e7 dhe terrorist\u00ebve t\u00eb tjer\u00eb t\u00eb Banjsk\u00ebs?! Edhe pse Borrell u gjend para k\u00ebtyre k\u00ebrkesave t\u00eb drejta t\u00eb Albin Kurtit, nuk ia k\u00ebrkoi s\u00eb paku publikisht zbatimin e tyre Aleksand\u00ebr Vu\u00e7iq.<\/p>\n<p>Nd\u00ebrkoh\u00eb Vu\u00e7iq u hoq si triumfator, kur tha se \u201cKurti ka frik\u00eb t\u00eb ballafaqohet me t\u00eb\u201d! Konstatime foshnjarake t\u00eb tipit ballkanik. Sepse Kurti ka d\u00ebshmuar se nuk frik\u00ebsohet as nga dialogu, as nga takimet me Vu\u00e7iq. Kushtet q\u00eb vendosi sot jan\u00eb e drejt\u00eb e patjet\u00ebrsueshme. N\u00ebse pala n\u00eb dialog nuk merr p\u00ebrgjegj\u00ebsit\u00eb e saj bazuar n\u00eb pro\u00e7edura t\u00eb provuara t\u00eb s\u00eb drejt\u00ebs nd\u00ebrkomb\u00ebtare, at\u00ebher\u00eb \u00ebsht\u00eb e drejt\u00eb e pal\u00ebs tjet\u00ebr, n\u00eb rastin e dh\u00ebn\u00eb t\u00eb Kosov\u00ebs, t\u00eb k\u00ebrkoj\u00eb zbatimin e k\u00ebtyre pro\u00e7edurave. Nd\u00ebrkoh\u00eb analist\u00eb t\u00eb shumt\u00eb n\u00eb Tiran\u00eb dhe n\u00eb Prishtin\u00eb p\u00ebrdor\u00ebn mbr\u00ebm\u00eb gjuh\u00ebn e Vu\u00e7iq, kur thoshin se Kurti \u201cnuk do t\u00eb ballafaqohet me Vu\u00e7iq\u201d, ose se ai \u201ci p\u00ebrdori kushtet p\u00ebr t\u00eb mos dialoguar, sepse \u00ebsht\u00eb n\u00eb vit fushate elektorale\u201d!<\/p>\n<p>Gjuha kock\u00eb nuk ka! As mendja nuk merr m\u00ebsysh! Por edhe sikur t\u00eb jen\u00eb k\u00ebto arsyet e reagimit t\u00eb kryeministrit Kurti, llogaria b\u00ebhet me Kosov\u00ebn e jo me kapitalin politik q\u00eb fiton kryeministri i Kosov\u00ebs. Ngado q\u00eb ta marrim, q\u00ebndrimi i djesh\u00ebm i Kurtit ishte n\u00eb favor t\u00eb Kosov\u00ebs. Ai dha mesazhin q\u00eb BE ta marr\u00eb seriozisht Kosov\u00ebn, s\u00eb paku aq seriozisht sa e merr Serbin\u00eb. Mjafton kjo p\u00ebr ta vler\u00ebsuar pozitivisht q\u00ebndrimin kusht\u00ebzues t\u00eb kryeministrit t\u00eb Kosov\u00ebs!<\/p>\n","protected":false},"excerpt":{"rendered":"<p>Enver Byty\u00e7i Dje pati pritje e shpresa t\u00eb m\u00ebdha se nj\u00eb takim tripal\u00ebsh midis kryeministrit Kurti, presidentit Vu\u00e7iq dhe zotit Borrel e zotit Laj\u00e7ak do t\u00eb p\u00ebrfundonte me nj\u00eb hap t\u00eb r\u00ebnd\u00ebsish\u00ebm n\u00eb drejtim t\u00eb normalizimit t\u00eb marr\u00ebdh\u00ebnieve Kosov\u00eb-Serbi. Por ndodhi e kund\u00ebrta. Kryeministri i Kosov\u00ebs vendosi kushte p\u00ebr nj\u00eb takim dhe bisedime me presidentin &hellip;<\/p>\n","protected":false},"author":4,"featured_media":11242,"comment_status":"closed","ping_status":"closed","sticky":false,"template":"","format":"standard","meta":{"footnotes":""},"categories":[44],"tags":[],"class_list":["post-83318","post","type-post","status-publish","format-standard","has-post-thumbnail","","category-editorial"],"_links":{"self":[{"href":"https:\/\/rdnews.al\/index.php\/wp-json\/wp\/v2\/posts\/83318","targetHints":{"allow":["GET"]}}],"collection":[{"href":"https:\/\/rdnews.al\/index.php\/wp-json\/wp\/v2\/posts"}],"about":[{"href":"https:\/\/rdnews.al\/index.php\/wp-json\/wp\/v2\/types\/post"}],"author":[{"embeddable":true,"href":"https:\/\/rdnews.al\/index.php\/wp-json\/wp\/v2\/users\/4"}],"replies":[{"embeddable":true,"href":"https:\/\/rdnews.al\/index.php\/wp-json\/wp\/v2\/comments?post=83318"}],"version-history":[{"count":0,"href":"https:\/\/rdnews.al\/index.php\/wp-json\/wp\/v2\/posts\/83318\/revisions"}],"wp:featuredmedia":[{"embeddable":true,"href":"https:\/\/rdnews.al\/index.php\/wp-json\/wp\/v2\/media\/11242"}],"wp:attachment":[{"href":"https:\/\/rdnews.al\/index.php\/wp-json\/wp\/v2\/media?parent=83318"}],"wp:term":[{"taxonomy":"category","embeddable":true,"href":"https:\/\/rdnews.al\/index.php\/wp-json\/wp\/v2\/categories?post=83318"},{"taxonomy":"post_tag","embeddable":true,"href":"https:\/\/rdnews.al\/index.php\/wp-json\/wp\/v2\/tags?post=83318"}],"curies":[{"name":"wp","href":"https:\/\/api.w.org\/{rel}","templated":true}]}}