{"id":8335,"date":"2022-03-31T16:44:35","date_gmt":"2022-03-31T16:44:35","guid":{"rendered":"https:\/\/rdnews.al\/?p=8335"},"modified":"2022-03-31T16:44:55","modified_gmt":"2022-03-31T16:44:55","slug":"8335","status":"publish","type":"post","link":"https:\/\/rdnews.al\/index.php\/2022\/03\/31\/8335\/","title":{"rendered":"Edhe zyra e PD Lushnje hapet p\u00ebr demokrat\u00ebt"},"content":{"rendered":"<p>Pas 3 muajsh ndarje nga mbeshtet\u00ebsit e ish-kryetarit te PD, z.Basha me strukturat e kesaj partie sot i b\u00eb e mundur q\u00eb mbledhjet e demokrat\u00ebve lushnjar\u00eb t\u00eb zhvillohen n\u00eb ambjentet e PD, dega Lushnje.<\/p>\n<p>Tashm\u00eb demokrat\u00ebt lushnjar\u00eb jan\u00eb futur n\u00eb fazen e riorganizimit t\u00eb saj ku po p\u00ebrgatiten t\u00eb zgjedhin strukturat drejtuese dhe p\u00ebrfaqsuesit n\u00eb Kuvendin Komb\u00ebtar.<\/p>\n<p>Grupi i pun\u00ebs ndau orientimet e Grupimit t\u00eb Rithemelimit rreth procedurave se si do t\u00eb veprohet m\u00eb tej.<\/p>\n<p>Ndjenja e t\u00eb q\u00ebnit bashk\u00eb t\u00eb gjith\u00eb demokrat\u00ebt, pavar\u00ebsisht ngjarjeve q\u00eb ndodh\u00ebn ishte fryma e takimit t\u00eb zhvilluar sot.<\/p>\n<p><img loading=\"lazy\" decoding=\"async\" class=\"alignnone wp-image-8336\" src=\"https:\/\/rdnews.al\/wp-content\/uploads\/2022\/03\/2-31-300x135.jpg\" alt=\"\" width=\"342\" height=\"154\" srcset=\"https:\/\/rdnews.al\/wp-content\/uploads\/2022\/03\/2-31-300x135.jpg 300w, https:\/\/rdnews.al\/wp-content\/uploads\/2022\/03\/2-31-768x345.jpg 768w, https:\/\/rdnews.al\/wp-content\/uploads\/2022\/03\/2-31.jpg 960w\" sizes=\"auto, (max-width: 342px) 100vw, 342px\" \/><\/p>\n<p><img loading=\"lazy\" decoding=\"async\" class=\"alignnone wp-image-8338\" src=\"https:\/\/rdnews.al\/wp-content\/uploads\/2022\/03\/3-18-300x135.jpg\" alt=\"\" width=\"340\" height=\"153\" srcset=\"https:\/\/rdnews.al\/wp-content\/uploads\/2022\/03\/3-18-300x135.jpg 300w, https:\/\/rdnews.al\/wp-content\/uploads\/2022\/03\/3-18-768x345.jpg 768w, https:\/\/rdnews.al\/wp-content\/uploads\/2022\/03\/3-18.jpg 960w\" sizes=\"auto, (max-width: 340px) 100vw, 340px\" \/><\/p>\n<p>&nbsp;<\/p>\n","protected":false},"excerpt":{"rendered":"<p>Pas 3 muajsh ndarje nga mbeshtet\u00ebsit e ish-kryetarit te PD, z.Basha me strukturat e kesaj partie sot i b\u00eb e mundur q\u00eb mbledhjet e demokrat\u00ebve lushnjar\u00eb t\u00eb zhvillohen n\u00eb ambjentet e PD, dega Lushnje. Tashm\u00eb demokrat\u00ebt lushnjar\u00eb jan\u00eb futur n\u00eb fazen e riorganizimit t\u00eb saj ku po p\u00ebrgatiten t\u00eb zgjedhin strukturat drejtuese dhe p\u00ebrfaqsuesit n\u00eb &hellip;<\/p>\n","protected":false},"author":4,"featured_media":8337,"comment_status":"open","ping_status":"open","sticky":false,"template":"","format":"standard","meta":{"footnotes":""},"categories":[37],"tags":[],"class_list":["post-8335","post","type-post","status-publish","format-standard","has-post-thumbnail","","category-politike"],"_links":{"self":[{"href":"https:\/\/rdnews.al\/index.php\/wp-json\/wp\/v2\/posts\/8335","targetHints":{"allow":["GET"]}}],"collection":[{"href":"https:\/\/rdnews.al\/index.php\/wp-json\/wp\/v2\/posts"}],"about":[{"href":"https:\/\/rdnews.al\/index.php\/wp-json\/wp\/v2\/types\/post"}],"author":[{"embeddable":true,"href":"https:\/\/rdnews.al\/index.php\/wp-json\/wp\/v2\/users\/4"}],"replies":[{"embeddable":true,"href":"https:\/\/rdnews.al\/index.php\/wp-json\/wp\/v2\/comments?post=8335"}],"version-history":[{"count":0,"href":"https:\/\/rdnews.al\/index.php\/wp-json\/wp\/v2\/posts\/8335\/revisions"}],"wp:featuredmedia":[{"embeddable":true,"href":"https:\/\/rdnews.al\/index.php\/wp-json\/wp\/v2\/media\/8337"}],"wp:attachment":[{"href":"https:\/\/rdnews.al\/index.php\/wp-json\/wp\/v2\/media?parent=8335"}],"wp:term":[{"taxonomy":"category","embeddable":true,"href":"https:\/\/rdnews.al\/index.php\/wp-json\/wp\/v2\/categories?post=8335"},{"taxonomy":"post_tag","embeddable":true,"href":"https:\/\/rdnews.al\/index.php\/wp-json\/wp\/v2\/tags?post=8335"}],"curies":[{"name":"wp","href":"https:\/\/api.w.org\/{rel}","templated":true}]}}