{"id":83374,"date":"2024-06-28T09:02:25","date_gmt":"2024-06-28T09:02:25","guid":{"rendered":"https:\/\/rdnews.al\/?p=83374"},"modified":"2024-06-28T09:02:47","modified_gmt":"2024-06-28T09:02:47","slug":"kryeministrja-estoneze-ne-vend-te-josep-borrel-ne-be","status":"publish","type":"post","link":"https:\/\/rdnews.al\/index.php\/2024\/06\/28\/kryeministrja-estoneze-ne-vend-te-josep-borrel-ne-be\/","title":{"rendered":"Kryeministrja estoneze n\u00eb vend t\u00eb Josep Borrel n\u00eb BE"},"content":{"rendered":"<p>Krer\u00ebt e BE vendos\u00ebn t\u00eb enjten samitin e Brukselit p\u00ebr emrat e rinj drejtues n\u00eb BE. Pasuese e Josep Borrell pritet t\u00eb jet\u00eb kryeministrja estoneze, Kaja Kallas. 47 vje\u00e7arja, Kaja Kallas e njeh mir\u00eb politik\u00ebn europiane.<\/p>\n<p><strong>Nga Deutsche Welle<\/strong><\/p>\n<p>Gati n\u00eb finish, pasi emrat e rinj q\u00eb do duhet t\u00eb drejtojn\u00eb BE duhet t\u00eb miratohen edhe nga Parlamenti Europian. 27 krer\u00ebt e BE vendos\u00ebn t\u00eb enjten me shumic\u00eb t\u00eb em\u00ebrojn\u00eb, Ursula von der Leyen p\u00ebr presidente t\u00eb Komisionit Europian. Italia abstenoi, pas kishte pak\u00ebnaq\u00ebsi p\u00ebr em\u00ebrimet. Antonio Costa em\u00ebrua si drejtues i K\u00ebshillit t\u00eb BE. Kurse kryeministrja estoneze, Kaja Kallas pritet t\u00eb jet\u00eb e ngarkuara e re BE p\u00ebr politik\u00ebn e Jashtme duke z\u00ebvend\u00ebsuar k\u00ebshtu t\u00eb ngarkuarin aktual, Josep Borrell. Krer\u00ebt e BE vendos\u00ebn t\u00eb enjten p\u00ebr kandidatur\u00ebn e saj n\u00eb samitin e Brukselit.\u00a0 Megjithata Kallas ka ende disa pengesa q\u00eb duhet t\u00eb kaloj\u00eb derisa t\u00eb em\u00ebrohet p\u00ebrfundimisht si kryediplomatja e BE.<\/p>\n<p>Kallas vet\u00eb \u00ebsht\u00eb shprehur, se n\u00ebse flitet p\u00ebr postin e t\u00eb ngarkuar\u00ebs s\u00eb politik\u00ebs s\u00eb jashtme, b\u00ebhet fjal\u00eb vet\u00ebm p\u00ebr nj\u00eb kandidatur\u00eb. N\u00eb nj\u00eb intervist\u00eb p\u00ebr radion publike estoneze, Kallas tha se, t\u00eb enjten (fjala \u00ebsht\u00eb p\u00ebr samitin e BE ku p\u00ebrcaktohen emrat e posteve t\u00eb r\u00ebnd\u00ebsishme n\u00eb BE, sh\u00ebn.red.) nuk \u00ebsht\u00eb ende e vendosur, se kush do t\u00eb jet\u00eb i ngarkuari i ardhsh\u00ebm i BE p\u00ebr politik\u00ebn e jashtme. B\u00ebhet fjal\u00eb vet\u00ebm kush do t\u00eb jet\u00eb kandidat.&#8221; Por ky \u00ebsht\u00eb &#8220;nder i madh p\u00ebr mua dhe Estonin\u00eb.&#8221; Planet e Kallas ishin t\u00eb t\u00eb b\u00ebhej Sekretare e P\u00ebrgjithshme e NATO-s, por p\u00ebr disa n\u00eb NATO ajo konsiderohej politikane me nj\u00eb gjuh\u00eb t\u00eb ashp\u00ebr. N\u00eb konfliktin e Lindjes s\u00eb Mesme, megjithat\u00eb, ajo mban nj\u00eb linj\u00eb m\u00eb t\u00eb ekuilibruar se Borrell, i cili konsiderohet i af\u00ebrt me palestinez\u00ebt.<\/p>\n<p><strong>Familje me tradit\u00eb politike<\/strong><\/p>\n<p>47 vje\u00e7arja, Kaja Kallas e njeh mir\u00eb politik\u00ebn europiane dhe \u00ebsht\u00eb nj\u00eb politikane shum\u00eb e k\u00ebrkuar n\u00eb samitet e BE. Q\u00eb nga fillimi i luft\u00ebs n\u00eb Ukrain\u00eb, Kallas ka k\u00ebrkuar q\u00eb Ukraina t\u00eb ndihmohet shpejt dhe me eficienc\u00eb. Kallas mban nj\u00eb q\u00ebndrim t\u00eb hapur kund\u00ebr presidentit rus, Putin dhe \u00ebsht\u00eb n\u00eb list\u00ebn e personave t\u00eb k\u00ebrkuar nga Rusia. &#8220;Ai do q\u00eb t\u00eb kemi frik\u00eb, po me k\u00ebt\u00eb ne do t&#8217;i jepnim atij at\u00eb q\u00eb do t\u00eb arrij\u00eb. Prandaj nuk duhet t\u00eb kemi frik\u00eb&#8221;, \u00ebsht\u00eb shprehur Kallas n\u00eb nj\u00eb intervist\u00eb pwr radion estoneze.<\/p>\n<p>Kallas konsiderohet n\u00eb Estoni si &#8220;zonja e hekurt&#8221;, megjith\u00ebse ka pak t\u00eb p\u00ebrbashk\u00ebta me ish-kryeministren britanike, Margaret Thatcher. Ajo vjen nga nj\u00eb familje me tradit\u00eb politike. N\u00eb vitin 1991, pas pavar\u00ebsimit t\u00eb Estonis\u00eb nga Rusia, babai i saj, Siim Kallas u b\u00eb minist\u00ebr i Jasht\u00ebm dhe Financash. Ishte Siim Kallas q\u00eb negocioi an\u00ebtar\u00ebsimin e Estonis\u00eb n\u00eb BE dhe NATO, si kryeminist\u00ebr estonez n\u00eb vitet 2002-2003. Siim Kallas ka qen\u00eb edhe komisioner i BE p\u00ebr valut\u00ebn e \u00e7\u00ebshtje ekonomike.<\/p>\n<p>Kallas para politik\u00ebs ka b\u00ebr\u00eb karrier\u00eb si avokate. Me angazhimin n\u00eb politik\u00eb, Kallas u b\u00eb eurodeputete dhe m\u00eb pas kryeministrja e par\u00eb estoneze, vendin q\u00eb ka nj\u00eb kufi direkt me Rusin\u00eb, ku jeton nj\u00eb minoritet i madh rus. Maja Kallas me q\u00ebndrimin e saj miq\u00ebsor por t\u00eb vendosur, ka b\u00ebr\u00eb q\u00eb Estonia t\u00eb ket\u00eb pesh\u00eb n\u00eb BE.<\/p>\n<p>Media gjermane, &#8220;tagesschau&#8221; analizon kalimin e Kallas nga politika komb\u00ebtare n\u00eb at\u00eb t\u00eb BE, duke u shprehur se ky hap mund t\u00eb ket\u00eb edhe arsye t\u00eb brendshme politike. Popullariteti politik i Kallas ka vuajtur shum\u00eb pas masave t\u00eb forta t\u00eb kursimit t\u00eb marra nga qeveria e saj. N\u00eb zgjedhjet europiane, partia e e reformave e Kallas u rendit e treta me rreth 17, 9%.<\/p>\n<p>BE-ja nuk ka v\u00ebrtet nj\u00eb minist\u00ebr t\u00eb jasht\u00ebm, sepse diplomacia konsiderohet si nj\u00eb detyr\u00eb kryesisht komb\u00ebtare. N\u00eb vend t\u00eb k\u00ebsaj, p\u00ebr rreth 15 vjet, BE ka nj\u00eb &#8220;P\u00ebrfaq\u00ebsues t\u00eb Lart\u00eb p\u00ebr Politik\u00ebn e Jashtme dhe t\u00eb Siguris\u00eb&#8221;, q\u00eb drejton Sh\u00ebrbimin Evropian t\u00eb Pun\u00ebve t\u00eb Jashtme (EEAS) me rreth 4,500 punonj\u00ebs dhe \u00ebsht\u00eb gjithashtu pjes\u00eb e Komisionit t\u00eb BE-s\u00eb.<\/p>\n","protected":false},"excerpt":{"rendered":"<p>Krer\u00ebt e BE vendos\u00ebn t\u00eb enjten samitin e Brukselit p\u00ebr emrat e rinj drejtues n\u00eb BE. Pasuese e Josep Borrell pritet t\u00eb jet\u00eb kryeministrja estoneze, Kaja Kallas. 47 vje\u00e7arja, Kaja Kallas e njeh mir\u00eb politik\u00ebn europiane. Nga Deutsche Welle Gati n\u00eb finish, pasi emrat e rinj q\u00eb do duhet t\u00eb drejtojn\u00eb BE duhet t\u00eb miratohen &hellip;<\/p>\n","protected":false},"author":4,"featured_media":83375,"comment_status":"closed","ping_status":"closed","sticky":false,"template":"","format":"standard","meta":{"footnotes":""},"categories":[38],"tags":[],"class_list":["post-83374","post","type-post","status-publish","format-standard","has-post-thumbnail","","category-bota"],"_links":{"self":[{"href":"https:\/\/rdnews.al\/index.php\/wp-json\/wp\/v2\/posts\/83374","targetHints":{"allow":["GET"]}}],"collection":[{"href":"https:\/\/rdnews.al\/index.php\/wp-json\/wp\/v2\/posts"}],"about":[{"href":"https:\/\/rdnews.al\/index.php\/wp-json\/wp\/v2\/types\/post"}],"author":[{"embeddable":true,"href":"https:\/\/rdnews.al\/index.php\/wp-json\/wp\/v2\/users\/4"}],"replies":[{"embeddable":true,"href":"https:\/\/rdnews.al\/index.php\/wp-json\/wp\/v2\/comments?post=83374"}],"version-history":[{"count":0,"href":"https:\/\/rdnews.al\/index.php\/wp-json\/wp\/v2\/posts\/83374\/revisions"}],"wp:featuredmedia":[{"embeddable":true,"href":"https:\/\/rdnews.al\/index.php\/wp-json\/wp\/v2\/media\/83375"}],"wp:attachment":[{"href":"https:\/\/rdnews.al\/index.php\/wp-json\/wp\/v2\/media?parent=83374"}],"wp:term":[{"taxonomy":"category","embeddable":true,"href":"https:\/\/rdnews.al\/index.php\/wp-json\/wp\/v2\/categories?post=83374"},{"taxonomy":"post_tag","embeddable":true,"href":"https:\/\/rdnews.al\/index.php\/wp-json\/wp\/v2\/tags?post=83374"}],"curies":[{"name":"wp","href":"https:\/\/api.w.org\/{rel}","templated":true}]}}