{"id":83446,"date":"2024-06-28T12:32:27","date_gmt":"2024-06-28T12:32:27","guid":{"rendered":"https:\/\/rdnews.al\/?p=83446"},"modified":"2024-06-28T16:16:00","modified_gmt":"2024-06-28T16:16:00","slug":"veliaj-shpenzoi-100-mije-euro-me-drejtoret-e-burgosur-per-nje-fundjave-ne-zvicer-verifkim-nga-tims","status":"publish","type":"post","link":"https:\/\/rdnews.al\/index.php\/2024\/06\/28\/veliaj-shpenzoi-100-mije-euro-me-drejtoret-e-burgosur-per-nje-fundjave-ne-zvicer-verifkim-nga-tims\/","title":{"rendered":"Veliaj shpenzoi 100 mij\u00eb euro me drejtor\u00ebt e burgosur p\u00ebr nj\u00eb fundjav\u00eb n\u00eb Zvic\u00ebr, verifkim nga TIMS"},"content":{"rendered":"<p>Opozita po zhvillon protest\u00ebn e kat\u00ebrmb\u00ebdhjet\u00eb p\u00ebrpara godin\u00ebs s\u00eb Bashkis\u00eb s\u00eb Tiran\u00ebs ku k\u00ebrkohet dor\u00ebheqja e kryebashkiakut Erion Veliajt.<\/p>\n<p>I pranish\u00ebm ka qen\u00eb edhe Belind K\u00eblli\u00e7i i cili gjat\u00eb fjalimit t\u00eb tij i \u00ebsht\u00eb drejtuar edhe efektiv\u00ebve t\u00eb policis\u00eb s\u00eb shtetit duke e cil\u00ebsuar t\u00eb paprecedent\u00eb reagimin e tyre, teksa i ka ftuar q\u00eb ti bashkohen protest\u00ebs.<\/p>\n<p>Gjithashtu, K\u00eblli\u00e7i kishte edhe nj\u00eb informacion me vler\u00eb p\u00ebr SPAK-un, t\u00eb cil\u00ebve u b\u00ebri thirrje t\u00eb shikojn\u00eb sistemin TIMS t\u00eb dat\u00ebs 14 korrik t\u00eb vitit t\u00eb kaluar ku Erion Veliaj s\u00eb bashku me drejtor\u00ebt e afer\u00ebs \u20185D\u2019 ka udh\u00ebtuar drejt Zvicr\u00ebs.<\/p>\n<p>Sipas K\u00eblli\u00e7it, Veliaj s\u00eb bashku me drejtor\u00ebt e tij ka harxhuar 100 mij\u00eb franga p\u00ebr nj\u00eb fundjav\u00eb.<\/p>\n<p>K\u00eblli\u00e7i:\u00a0<em>\u201cKjo nuk \u00ebsht\u00eb m\u00eb godina e bashkis\u00eb s\u00eb Tiran\u00ebs. kjo \u00ebsht\u00eb nj\u00eb sken\u00eb krimi, ku \u00e7do dit\u00eb, kreu i band\u00ebs 5D dhe pronari faktik i inceneratorit t\u00eb Tiran\u00ebs shkon n\u00eb zyr\u00eb p\u00ebr t\u00eb vjedhur taksat tona.<\/em><\/p>\n<p><em>Nd\u00ebrkoh\u00eb q\u00eb kishte nisur protesta, fal\u00ebnderoj nj\u00eb punonj\u00ebs t\u00eb ndersh\u00ebm t\u00eb bashkis\u00eb s\u00eb Tiran\u00ebs q\u00eb sjell nj\u00eb informacion me vler\u00eb p\u00ebr SPAK: \u201cShikoni pak n\u00eb sistemin TIMS dat\u00ebn 14 korrik t\u00eb vitit t\u00eb kaluar. A ka udh\u00ebtuar Erion Veliaj s\u00eb bashku me drejtor\u00ebt e 5D p\u00ebr n\u00eb Zvic\u00ebr? Shikoni hotelet ku kan\u00eb ndenjur dhe kan\u00eb shpenzuar 100 mij\u00eb franga vet\u00ebm p\u00ebr nj\u00eb fundjav\u00eb n\u00eb Zvic\u00ebr apo jo?!\u201d<\/em><\/p>\n","protected":false},"excerpt":{"rendered":"<p>Opozita po zhvillon protest\u00ebn e kat\u00ebrmb\u00ebdhjet\u00eb p\u00ebrpara godin\u00ebs s\u00eb Bashkis\u00eb s\u00eb Tiran\u00ebs ku k\u00ebrkohet dor\u00ebheqja e kryebashkiakut Erion Veliajt. I pranish\u00ebm ka qen\u00eb edhe Belind K\u00eblli\u00e7i i cili gjat\u00eb fjalimit t\u00eb tij i \u00ebsht\u00eb drejtuar edhe efektiv\u00ebve t\u00eb policis\u00eb s\u00eb shtetit duke e cil\u00ebsuar t\u00eb paprecedent\u00eb reagimin e tyre, teksa i ka ftuar q\u00eb ti &hellip;<\/p>\n","protected":false},"author":3,"featured_media":83447,"comment_status":"closed","ping_status":"closed","sticky":false,"template":"","format":"standard","meta":{"footnotes":""},"categories":[40],"tags":[],"class_list":["post-83446","post","type-post","status-publish","format-standard","has-post-thumbnail","","category-aktualitet"],"_links":{"self":[{"href":"https:\/\/rdnews.al\/index.php\/wp-json\/wp\/v2\/posts\/83446","targetHints":{"allow":["GET"]}}],"collection":[{"href":"https:\/\/rdnews.al\/index.php\/wp-json\/wp\/v2\/posts"}],"about":[{"href":"https:\/\/rdnews.al\/index.php\/wp-json\/wp\/v2\/types\/post"}],"author":[{"embeddable":true,"href":"https:\/\/rdnews.al\/index.php\/wp-json\/wp\/v2\/users\/3"}],"replies":[{"embeddable":true,"href":"https:\/\/rdnews.al\/index.php\/wp-json\/wp\/v2\/comments?post=83446"}],"version-history":[{"count":0,"href":"https:\/\/rdnews.al\/index.php\/wp-json\/wp\/v2\/posts\/83446\/revisions"}],"wp:featuredmedia":[{"embeddable":true,"href":"https:\/\/rdnews.al\/index.php\/wp-json\/wp\/v2\/media\/83447"}],"wp:attachment":[{"href":"https:\/\/rdnews.al\/index.php\/wp-json\/wp\/v2\/media?parent=83446"}],"wp:term":[{"taxonomy":"category","embeddable":true,"href":"https:\/\/rdnews.al\/index.php\/wp-json\/wp\/v2\/categories?post=83446"},{"taxonomy":"post_tag","embeddable":true,"href":"https:\/\/rdnews.al\/index.php\/wp-json\/wp\/v2\/tags?post=83446"}],"curies":[{"name":"wp","href":"https:\/\/api.w.org\/{rel}","templated":true}]}}