{"id":83572,"date":"2024-06-30T20:21:40","date_gmt":"2024-06-30T20:21:40","guid":{"rendered":"https:\/\/rdnews.al\/?p=83572"},"modified":"2024-06-30T20:21:40","modified_gmt":"2024-06-30T20:21:40","slug":"obama-dhe-klinton-mbeshtesin-biden-nuk-terhiqet-nga-gara-me-trump","status":"publish","type":"post","link":"https:\/\/rdnews.al\/index.php\/2024\/06\/30\/obama-dhe-klinton-mbeshtesin-biden-nuk-terhiqet-nga-gara-me-trump\/","title":{"rendered":"Obama dhe Klinton mb\u00ebshtesin Biden, nuk t\u00ebrhiqet nga gara me Trump"},"content":{"rendered":"<p>Udh\u00ebheq\u00ebsit demokrat\u00eb u mblodh\u00ebn t\u00eb diel\u00ebn p\u00ebr t\u00eb mb\u00ebshtetur presidentin e SHBA-s\u00eb, Joe Biden pas performanc\u00ebs s\u00eb tij t\u00eb dob\u00ebt n\u00eb debat jav\u00ebn e kaluar, pasi Sht\u00ebpia e Bardh\u00eb mohoi nj\u00eb raport q\u00eb ai po takohej me familjen p\u00ebr t\u00eb vler\u00ebsuar kandidatur\u00ebn e tij.<\/p>\n<p>Sipas mediave t\u00eb huaja, p\u00ebrcjell Telegrafi, asnj\u00eb personazh i r\u00ebnd\u00ebsish\u00ebm partie nuk ka k\u00ebrkuar q\u00eb Biden t\u00eb largohet, me demokrat\u00eb t\u00eb shquar, duke p\u00ebrfshir\u00eb president\u00ebt e kaluar, Barack Obama dhe Bill Clinton, t\u00eb cil\u00ebt shpreh\u00ebn mb\u00ebshtetje t\u00eb plot\u00eb mes nj\u00eb lumi dyshimesh nga amerikan\u00ebt e zakonsh\u00ebm \u2013 madje edhe nj\u00eb thirrje nga bordi New York Times q\u00eb Biden \u201ct\u00eb l\u00ebshoj\u00eb rrug\u00eb\u201d.<\/p>\n<p>Vala e mb\u00ebshtetjes s\u00eb partis\u00eb pason performanc\u00ebn e 81-vje\u00e7arit t\u00eb enjten n\u00eb debatin kund\u00ebr kandidatit republikan Donald Trump, n\u00eb t\u00eb cilin Biden shpesh hezitonte dhe dukej i shp\u00ebrqendrua, duke theksuar shqet\u00ebsimet p\u00ebr mosh\u00ebn e tij.<\/p>\n<p>\u201cNuk ka t\u00eb b\u00ebj\u00eb me performanc\u00ebn p\u00ebr sa i p\u00ebrket nj\u00eb debati, ka t\u00eb b\u00ebj\u00eb me performanc\u00ebn n\u00eb nj\u00eb presidenc\u00eb\u201d, tha p\u00ebrfaq\u00ebsuesja Nancy Pelosi, ish-kryetarja e Dhom\u00ebs s\u00eb P\u00ebrfaq\u00ebsuesve, p\u00ebr \u201cState of the Union\u201d t\u00eb CNN t\u00eb diel\u00ebn.<\/p>\n<p>\u201cN\u00eb nj\u00ebr\u00ebn an\u00eb t\u00eb ekranit, ju keni integritet, n\u00eb an\u00ebn tjet\u00ebr keni pandershm\u00ebri\u201d, tha ajo, duke i b\u00ebr\u00eb jehon\u00eb nj\u00eb numri figurash partiake q\u00eb p\u00ebrpiqen t\u00eb zhvendosin fokusin nga ajo q\u00eb ata thon\u00eb se ishte \u201cperformanca e keqe e Bidenit n\u00eb bresh\u00ebrin\u00eb e g\u00ebnjeshtrave q\u00eb vinin nga Donald Trump gjat\u00eb debatit\u201d.<\/p>\n<p>Nd\u00ebrkoh\u00eb, sipas nj\u00eb sondazhi t\u00eb CBS News t\u00eb kryer n\u00eb dy dit\u00ebt pas debatit, gati tre t\u00eb kat\u00ebrtat e votuesve t\u00eb regjistruar tani besojn\u00eb se Biden nuk duhet t\u00eb kandidoj\u00eb p\u00ebr president, duke p\u00ebrfshir\u00eb 46 p\u00ebr qind t\u00eb demokrat\u00ebve.<\/p>\n<p>Biden dhe familja e tij udh\u00ebtuan p\u00ebr n\u00eb kampin presidencial n\u00eb Camp David t\u00eb shtun\u00ebn von\u00eb, ku NBC News raportoi se ai pritej t\u00eb vler\u00ebsonte t\u00eb ardhmen e fushat\u00ebs s\u00eb tij t\u00eb rizgjedhjes pas performanc\u00ebs s\u00eb tij.<\/p>\n<div class=\"related-to-article\">\n<div class=\"related-article-i\">\n<div class=\"clearfix\"><\/div>\n<\/div>\n<\/div>\n<p>Z\u00ebvend\u00ebs sekretari i lart\u00eb i shtypit i Sht\u00ebpis\u00eb s\u00eb Bardh\u00eb, Andrew Bates, megjithat\u00eb, postoi n\u00eb X se udh\u00ebtimi ishte planifikuar q\u00eb p\u00ebrpara debatit, duke v\u00ebn\u00eb n\u00eb dyshim publikimin.<\/p>\n<p>Fushata e Biden nd\u00ebrkoh\u00eb ka raportuar se ka mbledhur 33 milion\u00eb dollar\u00eb q\u00eb nga debati, duke p\u00ebrfshir\u00eb 26 milion\u00eb dollar\u00eb nga donator\u00ebt baz\u00eb.<\/p>\n<p>Biden nuk duhet \u201cabsolutisht\u201d t\u00eb t\u00ebrhiqet nga gara, tha senatori i Georgia, Raphael Warnock p\u00ebr \u201cMeet the Press\u201d t\u00eb NBC-s\u00eb t\u00eb diel\u00ebn.<\/p>\n<p>\u201c\u00cbsht\u00eb detyra jon\u00eb t\u00eb sigurohemi q\u00eb ai t\u00eb kaloj\u00eb vij\u00ebn e finishit n\u00eb n\u00ebntor. Jo p\u00ebr hir t\u00eb tij, por p\u00ebr hir t\u00eb vendit\u201d.<\/p>\n","protected":false},"excerpt":{"rendered":"<p>Udh\u00ebheq\u00ebsit demokrat\u00eb u mblodh\u00ebn t\u00eb diel\u00ebn p\u00ebr t\u00eb mb\u00ebshtetur presidentin e SHBA-s\u00eb, Joe Biden pas performanc\u00ebs s\u00eb tij t\u00eb dob\u00ebt n\u00eb debat jav\u00ebn e kaluar, pasi Sht\u00ebpia e Bardh\u00eb mohoi nj\u00eb raport q\u00eb ai po takohej me familjen p\u00ebr t\u00eb vler\u00ebsuar kandidatur\u00ebn e tij. Sipas mediave t\u00eb huaja, p\u00ebrcjell Telegrafi, asnj\u00eb personazh i r\u00ebnd\u00ebsish\u00ebm partie &hellip;<\/p>\n","protected":false},"author":3,"featured_media":83573,"comment_status":"closed","ping_status":"closed","sticky":false,"template":"","format":"standard","meta":{"footnotes":""},"categories":[38],"tags":[],"class_list":["post-83572","post","type-post","status-publish","format-standard","has-post-thumbnail","","category-bota"],"_links":{"self":[{"href":"https:\/\/rdnews.al\/index.php\/wp-json\/wp\/v2\/posts\/83572","targetHints":{"allow":["GET"]}}],"collection":[{"href":"https:\/\/rdnews.al\/index.php\/wp-json\/wp\/v2\/posts"}],"about":[{"href":"https:\/\/rdnews.al\/index.php\/wp-json\/wp\/v2\/types\/post"}],"author":[{"embeddable":true,"href":"https:\/\/rdnews.al\/index.php\/wp-json\/wp\/v2\/users\/3"}],"replies":[{"embeddable":true,"href":"https:\/\/rdnews.al\/index.php\/wp-json\/wp\/v2\/comments?post=83572"}],"version-history":[{"count":0,"href":"https:\/\/rdnews.al\/index.php\/wp-json\/wp\/v2\/posts\/83572\/revisions"}],"wp:featuredmedia":[{"embeddable":true,"href":"https:\/\/rdnews.al\/index.php\/wp-json\/wp\/v2\/media\/83573"}],"wp:attachment":[{"href":"https:\/\/rdnews.al\/index.php\/wp-json\/wp\/v2\/media?parent=83572"}],"wp:term":[{"taxonomy":"category","embeddable":true,"href":"https:\/\/rdnews.al\/index.php\/wp-json\/wp\/v2\/categories?post=83572"},{"taxonomy":"post_tag","embeddable":true,"href":"https:\/\/rdnews.al\/index.php\/wp-json\/wp\/v2\/tags?post=83572"}],"curies":[{"name":"wp","href":"https:\/\/api.w.org\/{rel}","templated":true}]}}