{"id":83681,"date":"2024-07-06T10:30:38","date_gmt":"2024-07-06T10:30:38","guid":{"rendered":"https:\/\/rdnews.al\/?p=83681"},"modified":"2024-07-06T10:31:15","modified_gmt":"2024-07-06T10:31:15","slug":"urgjenca-e-dekretimit-te-zgjedhjeve-ne-himare-deshmon-edhe-njehere-se-beleri-ishte-nje-i-marre-peng-nje-i-burgosur-politik-i-edi-rames","status":"publish","type":"post","link":"https:\/\/rdnews.al\/index.php\/2024\/07\/06\/urgjenca-e-dekretimit-te-zgjedhjeve-ne-himare-deshmon-edhe-njehere-se-beleri-ishte-nje-i-marre-peng-nje-i-burgosur-politik-i-edi-rames\/","title":{"rendered":"Urgjenca e dekretimit t\u00eb zgjedhjeve n\u00eb Himar\u00eb d\u00ebshmon se Beleri ishte nj\u00eb i marr\u00eb peng, nj\u00eb i burgosur politik i Edi Ram\u00ebs"},"content":{"rendered":"<p><strong>Deklarata e Sekretarit p\u00ebr \u00c7\u00ebshtjet Ligjore n\u00eb PD, Ivi Kaso:<\/strong><\/p>\n<p>N\u00eb tri or\u00eb t\u00eb zeza p\u00ebr demokracin\u00eb, shtetin ligjor, t\u00eb drejtat individuale dhe politike n\u00eb Shqip\u00ebri, u shpalos i gjith\u00eb banaliteti i regjimit t\u00eb Edi Ram\u00ebs dhe patericave t\u00eb tij.<\/p>\n<p>Kryetari i zgjedhur i Bashkis\u00eb s\u00eb Himar\u00ebs, Fredi Beleri u \u201cekzektua\u201d dje edhe politikisht, pasi u mor peng juridikisht para 14 muajsh.<\/p>\n<p>N\u00eb nj\u00eb seanc\u00eb urgjente Komisioneri Shtet\u00ebror i Zgjedhjeve vendosi shkarkimin e Fredi Belerit si kryebashkiak i Himar\u00ebs.<\/p>\n<p>Sapo KQZ mori vendimin e shkarkimit, Edi Rama i d\u00ebrgoi Presidentit k\u00ebrkes\u00ebn e parap\u00ebrgatitur dhe e urdh\u00ebroi t\u00eb shpallte dat\u00ebn e zgjedhjve p\u00ebr bashkin\u00eb Himar\u00eb.<\/p>\n<p>Institucionet e pushtetit nuk reagojn\u00eb me kaq shpejt\u00ebsi as n\u00eb raste emergjencash komb\u00ebtare, si\u00e7 e ka d\u00ebshmuar t\u00ebrmeti apo Covid19.<\/p>\n<p>Kjo urgjenc\u00eb d\u00ebshmon edhe njeher\u00eb se Fredi Beleri nuk \u00ebsht\u00eb nj\u00eb i d\u00ebnuar i shtetit shqiptar, por nj\u00eb i marr\u00eb peng, nj\u00eb i burgosur politik i pushtetit t\u00eb Edi Ram\u00ebs.<\/p>\n<p>P\u00ebr 14 muaj Edi Rama e mbajti n\u00eb burg Fredi Belerin dhe nuk e lejoi t\u00eb betohej dhe t\u00eb merrte mandatin. Kur Beleri k\u00ebrkonte leje q\u00eb t\u00eb betohej dhe t\u00eb merrte mandatin, nuk u lejua sepse, sipas marionetave t\u00eb Ram\u00ebs, nuk e lejonte ligji.<\/p>\n<p>Dje q\u00eb iu desh Edi Ram\u00ebs p\u00ebr tja hequr mandatin ia dha lejen me pash.<\/p>\n<p><strong>Turp e faqja e zez\u00eb!<\/strong><\/p>\n<p>Komisioneri i Zgjedhjeve \u00ebsht\u00eb n\u00eb shkelje flagrante t\u00eb ligjit nr. 138\/2015 dhe Vendimit t\u00eb Kuvendit nr. 17\/2016 ku p\u00ebrcaktohet se: verifikimi i kushteve t\u00eb zgjedhshm\u00ebris\u00eb nga KQZ b\u00ebhet vet\u00ebm mbi baz\u00ebn e t\u00eb dh\u00ebnave t\u00eb vetdeklarimit t\u00eb kandidatit n\u00eb momentin e paraqitjes s\u00eb kandidatur\u00ebs.<\/p>\n<p>Komisioneri i ka verifikuar t\u00eb dh\u00ebnat e formularit t\u00eb dekriminalizimit t\u00eb Fredi Belerit dhe ka marr\u00eb vendimin nr. 611 dat\u00eb 25.05.2023 p\u00ebr vlefshm\u00ebrin\u00eb e mandatit t\u00eb fituar n\u00eb zgjedhjet e 14 majit. Rrethana dhe fakte t\u00eb ndodhura pas plot\u00ebsimit t\u00eb formularit t\u00eb vet\u00ebdeklarimit nuk jan\u00eb kompetenc\u00eb e KQZ, por e organeve t\u00eb tjera kushtetuese.<\/p>\n<p>Fredi Beleri duhej t\u00eb betohej dhe t\u00eb merrte mandatin, dhe m\u00eb pas mund t\u00eb shkarkohej nga Edi Rama, si\u00e7 parashikon edhe Kushtetuta, neni 115 i saj, apo neni 62 i ligjit nr. 139\/2015.<\/p>\n<p>Vendimi i Komisionerit, p\u00ebrve\u00e7se i paprecedent dhe pa asnj\u00eb baz\u00eb ligjore, nuk \u00ebsht\u00eb i ekzekutuesh\u00ebm. Neni 133 i ligjit nr. 44\/2015 \u201cKodi i Procedurave Administrative\u201d parashikon q\u00eb efektet e aktit administrativ pezullohen deri n\u00eb shqyrtimin e ankimit. Komisioneri nuk referon n\u00eb asnj\u00eb ligj i cili e b\u00ebn t\u00eb ekzekutuesh\u00ebm menj\u00ebher\u00eb vendimin e tij administrativ.<\/p>\n<p>Th\u00ebn\u00eb shkurt, kryetarit t\u00eb zgjedhur t\u00eb Himar\u00ebs nuk i \u00ebsht\u00eb dh\u00ebn\u00eb as e drejta e apelimit t\u00eb vendimit.<\/p>\n<p>Antikushtetues \u00ebsht\u00eb edhe Dekreti i Presidentit. Sipas nenit 10\/3 t\u00eb Kodit Zgjedhor Presidenti shpall zgjedhjet e parakohshme pasi ka kaluar afati i ankimit t\u00eb subjektit t\u00eb shkarkuar. Presidenti ka zbatuar nj\u00eb akt administrativ q\u00eb nuk ka filluar efektet pasi nuk ka mbaruar afati i ankimit t\u00eb subjektit t\u00eb shkarkuar, madje pa filluar ende afati i ankimi.<\/p>\n<p><strong>Ky rast b\u00ebn edhe autopsin\u00eb e kufom\u00ebs s\u00eb Republik\u00ebs, duke filluar nga SPAK, gjykatat, KQZ, qeveria dhe Presidenti. Mund ta balsamosin sa t\u00eb duan me propaganda, me koncerte vere dhe me turiz\u00ebm orbital, por kufoma qelbet.<\/strong><\/p>\n<p>Partia Demokratike e d\u00ebnon ashp\u00ebr vendimin e KQZ dhe dekretin e Presidentit, t\u00eb dy n\u00eb shkelje t\u00eb Kushtetut\u00ebs dhe ligjit. Ligji nuk \u00ebsht\u00eb opsional dhe k\u00ebsisoj t\u00eb gjith\u00eb ata q\u00eb e trajtojn\u00eb si t\u00eb till\u00eb do t\u00eb p\u00ebrgjigjen para vet\u00eb ligjit.<\/p>\n<p>Kush e sheh k\u00ebt\u00eb rast si n\u00ebp\u00ebrk\u00ebmbje t\u00eb Fredi Belerit apo t\u00eb opozit\u00ebs, e ka gabim. Kur t\u00eb gjith\u00eb heshtim p\u00ebr padrejt\u00ebsit\u00eb ndaj dikujt, n\u00eb nj\u00eb shtet si t\u00eb Edi Ram\u00ebs, i vjen radha gjithkujt.<\/p>\n<p>Prandaj ju b\u00ebjm\u00eb thirrje t\u00eb bashkohemi n\u00eb protest\u00eb t\u00eb enjten m\u00eb 11 korrik ora 20.00.<\/p>\n<p>Ta shp\u00ebtojm\u00eb Shqip\u00ebrin\u00eb nga ata q\u00eb mendojn\u00eb se Shqip\u00ebria i p\u00ebrket vet\u00ebm Edi Ram\u00ebs.<\/p>\n","protected":false},"excerpt":{"rendered":"<p>Deklarata e Sekretarit p\u00ebr \u00c7\u00ebshtjet Ligjore n\u00eb PD, Ivi Kaso: N\u00eb tri or\u00eb t\u00eb zeza p\u00ebr demokracin\u00eb, shtetin ligjor, t\u00eb drejtat individuale dhe politike n\u00eb Shqip\u00ebri, u shpalos i gjith\u00eb banaliteti i regjimit t\u00eb Edi Ram\u00ebs dhe patericave t\u00eb tij. Kryetari i zgjedhur i Bashkis\u00eb s\u00eb Himar\u00ebs, Fredi Beleri u \u201cekzektua\u201d dje edhe politikisht, pasi &hellip;<\/p>\n","protected":false},"author":4,"featured_media":83682,"comment_status":"closed","ping_status":"closed","sticky":false,"template":"","format":"standard","meta":{"footnotes":""},"categories":[37],"tags":[],"class_list":["post-83681","post","type-post","status-publish","format-standard","has-post-thumbnail","","category-politike"],"_links":{"self":[{"href":"https:\/\/rdnews.al\/index.php\/wp-json\/wp\/v2\/posts\/83681","targetHints":{"allow":["GET"]}}],"collection":[{"href":"https:\/\/rdnews.al\/index.php\/wp-json\/wp\/v2\/posts"}],"about":[{"href":"https:\/\/rdnews.al\/index.php\/wp-json\/wp\/v2\/types\/post"}],"author":[{"embeddable":true,"href":"https:\/\/rdnews.al\/index.php\/wp-json\/wp\/v2\/users\/4"}],"replies":[{"embeddable":true,"href":"https:\/\/rdnews.al\/index.php\/wp-json\/wp\/v2\/comments?post=83681"}],"version-history":[{"count":0,"href":"https:\/\/rdnews.al\/index.php\/wp-json\/wp\/v2\/posts\/83681\/revisions"}],"wp:featuredmedia":[{"embeddable":true,"href":"https:\/\/rdnews.al\/index.php\/wp-json\/wp\/v2\/media\/83682"}],"wp:attachment":[{"href":"https:\/\/rdnews.al\/index.php\/wp-json\/wp\/v2\/media?parent=83681"}],"wp:term":[{"taxonomy":"category","embeddable":true,"href":"https:\/\/rdnews.al\/index.php\/wp-json\/wp\/v2\/categories?post=83681"},{"taxonomy":"post_tag","embeddable":true,"href":"https:\/\/rdnews.al\/index.php\/wp-json\/wp\/v2\/tags?post=83681"}],"curies":[{"name":"wp","href":"https:\/\/api.w.org\/{rel}","templated":true}]}}