{"id":83686,"date":"2024-07-06T12:17:24","date_gmt":"2024-07-06T12:17:24","guid":{"rendered":"https:\/\/rdnews.al\/?p=83686"},"modified":"2024-07-06T12:17:24","modified_gmt":"2024-07-06T12:17:24","slug":"balliu-pd-denon-dhunen-ndaj-pedagoges-liljana-elmazi-billa-cdo-akt-i-tille-eshte-kercenim-per-grate-arsimtare","status":"publish","type":"post","link":"https:\/\/rdnews.al\/index.php\/2024\/07\/06\/balliu-pd-denon-dhunen-ndaj-pedagoges-liljana-elmazi-billa-cdo-akt-i-tille-eshte-kercenim-per-grate-arsimtare\/","title":{"rendered":"Balliu: PD d\u00ebnon dhun\u00ebn ndaj pedagoges Liljana Elmazi-Billa, \u00e7do akt i till\u00eb \u00ebsht\u00eb k\u00ebrc\u00ebnim p\u00ebr grat\u00eb arsimtare"},"content":{"rendered":"<p><strong>Deklarata e kordinatorit t\u00eb rajonit t\u00eb Tiran\u00ebs, Klevis Balliu:<\/strong><\/p>\n<p>Partia Demokratike d\u00ebnon ashp\u00ebr dhun\u00ebn verbale dhe fizike t\u00eb ushtruar kund\u00ebr pedagoges Liljana Elmazi-Billa.<\/p>\n<p>Ushtrimi i dhun\u00ebs n\u00eb mjediset e universtitetit publik, n\u00eb auditor\u00ebt e fakultetit t\u00eb Ekonomis\u00eb, e b\u00ebn edhe m\u00eb t\u00eb r\u00ebnd\u00eb dhe t\u00eb papranuesh\u00ebm k\u00ebt\u00eb akt.<\/p>\n<p>Goditja e zonj\u00ebs Elmazi-Billa p\u00ebrmban, jo vet\u00ebm l\u00ebndimin e pedagoges, por edhe fyerjen p\u00ebr institucionet e arsimit t\u00eb lart\u00eb dhe koleg\u00ebt.<\/p>\n<p>Ne nuk i dalim sot zot Liljana Elmazit si kolege, apo si ish-deputete e Partis\u00eb Demokratike, por si arsimtare, si grua dhe si n\u00ebn\u00eb.<\/p>\n<p>\u00c7do akt i till\u00eb, jo vet\u00ebm kap\u00ebrcen kufijt\u00eb etik\u00eb, moral\u00eb dhe profesional\u00eb, por \u00ebsht\u00eb k\u00ebrc\u00ebnim p\u00ebr grat\u00eb arsimtare, p\u00ebr sigurin\u00eb n\u00eb universitetet tona dhe n\u00eb sistemin shkollor.<\/p>\n<p>Fakti q\u00eb \u00ebsht\u00eb shkaktuar nga nj\u00eb koleg i saj, n\u00eb mjedis universitar, \u00ebsht\u00eb nj\u00eb k\u00ebmban\u00eb q\u00eb ka brenda alarmin e dhun\u00ebs, por edhe t\u00eb degjenrimit t\u00eb sistemit arsimor n\u00eb Shqip\u00ebri, gj\u00eb t\u00eb cil\u00ebn Partia Demokratike e ka theksuar me forc\u00eb n\u00eb q\u00ebdnrime publike.<\/p>\n<p>Spiralja e dhun\u00ebs e frym\u00ebzuar nga pushteti i Edi Ram\u00ebs, ushtruar her\u00eb nga bandat, e her\u00eb nga Policia mbi protestues dhe qytetar\u00eb t\u00eb pafajsh\u00ebm, mb\u00ebshtetur nga segmente t\u00eb medias dhe shoq\u00ebris\u00eb q\u00eb nuk reagojn\u00eb kund\u00ebr saj, duhet ndalur nj\u00eb her\u00eb e m\u00eb par\u00eb.<\/p>\n<p>Duke i uruar sh\u00ebrim t\u00eb shpejt\u00eb zonj\u00eb Elmazi-Billa, u k\u00ebrkojm\u00eb institucioneve p\u00ebrgjegj\u00ebs profesionaliz\u00ebm n\u00eb trajtimin e rasteve t\u00eb tilla t\u00eb nj\u00eb ndjeshm\u00ebrie publike t\u00eb lart\u00eb.<\/p>\n<p>Me k\u00ebt\u00eb rast u b\u00ebjm\u00eb thirrje qytetar\u00ebve t\u00eb bashkohen me opozit\u00ebn t\u00eb enjten m\u00eb dat\u00eb 11 korrik ora 20.00, si nj\u00eb m\u00ebnyr\u00eb p\u00ebr t\u00eb d\u00ebnuar, edhe k\u00ebt\u00eb akt t\u00eb shktuar agresioni kund\u00ebr nj\u00eb gruaje, n\u00ebne dhe pedagogeje.<\/p>\n","protected":false},"excerpt":{"rendered":"<p>Deklarata e kordinatorit t\u00eb rajonit t\u00eb Tiran\u00ebs, Klevis Balliu: Partia Demokratike d\u00ebnon ashp\u00ebr dhun\u00ebn verbale dhe fizike t\u00eb ushtruar kund\u00ebr pedagoges Liljana Elmazi-Billa. Ushtrimi i dhun\u00ebs n\u00eb mjediset e universtitetit publik, n\u00eb auditor\u00ebt e fakultetit t\u00eb Ekonomis\u00eb, e b\u00ebn edhe m\u00eb t\u00eb r\u00ebnd\u00eb dhe t\u00eb papranuesh\u00ebm k\u00ebt\u00eb akt. Goditja e zonj\u00ebs Elmazi-Billa p\u00ebrmban, jo vet\u00ebm &hellip;<\/p>\n","protected":false},"author":4,"featured_media":83687,"comment_status":"closed","ping_status":"closed","sticky":false,"template":"","format":"standard","meta":{"footnotes":""},"categories":[37],"tags":[],"class_list":["post-83686","post","type-post","status-publish","format-standard","has-post-thumbnail","","category-politike"],"_links":{"self":[{"href":"https:\/\/rdnews.al\/index.php\/wp-json\/wp\/v2\/posts\/83686","targetHints":{"allow":["GET"]}}],"collection":[{"href":"https:\/\/rdnews.al\/index.php\/wp-json\/wp\/v2\/posts"}],"about":[{"href":"https:\/\/rdnews.al\/index.php\/wp-json\/wp\/v2\/types\/post"}],"author":[{"embeddable":true,"href":"https:\/\/rdnews.al\/index.php\/wp-json\/wp\/v2\/users\/4"}],"replies":[{"embeddable":true,"href":"https:\/\/rdnews.al\/index.php\/wp-json\/wp\/v2\/comments?post=83686"}],"version-history":[{"count":0,"href":"https:\/\/rdnews.al\/index.php\/wp-json\/wp\/v2\/posts\/83686\/revisions"}],"wp:featuredmedia":[{"embeddable":true,"href":"https:\/\/rdnews.al\/index.php\/wp-json\/wp\/v2\/media\/83687"}],"wp:attachment":[{"href":"https:\/\/rdnews.al\/index.php\/wp-json\/wp\/v2\/media?parent=83686"}],"wp:term":[{"taxonomy":"category","embeddable":true,"href":"https:\/\/rdnews.al\/index.php\/wp-json\/wp\/v2\/categories?post=83686"},{"taxonomy":"post_tag","embeddable":true,"href":"https:\/\/rdnews.al\/index.php\/wp-json\/wp\/v2\/tags?post=83686"}],"curies":[{"name":"wp","href":"https:\/\/api.w.org\/{rel}","templated":true}]}}