{"id":83689,"date":"2024-07-06T12:22:16","date_gmt":"2024-07-06T12:22:16","guid":{"rendered":"https:\/\/rdnews.al\/?p=83689"},"modified":"2024-07-06T12:22:16","modified_gmt":"2024-07-06T12:22:16","slug":"protesta-e-11-korrikut-noka-dhe-bardhi-takim-me-qytetaret-dhe-bizneset-ne-zonen-e-kombinatit","status":"publish","type":"post","link":"https:\/\/rdnews.al\/index.php\/2024\/07\/06\/protesta-e-11-korrikut-noka-dhe-bardhi-takim-me-qytetaret-dhe-bizneset-ne-zonen-e-kombinatit\/","title":{"rendered":"Protesta e 11 Korrikut\/ Noka dhe Bardhi takim me qytetar\u00ebt dhe bizneset n\u00eb zon\u00ebn e Kombinatit"},"content":{"rendered":"<p>K\u00ebt\u00eb t\u00eb shtun\u00eb, n\u00ebn moton, \u201cT\u00eb bashkuar n\u00eb betej\u00eb,\u201d Sekretari i P\u00ebrgjithsh\u00ebm i PD-s\u00eb, Flamur Noka, Kryetari i Grupit Parlamentar, Gazment Bardhi, Koordinatori i Rajonit t\u00eb Tiran\u00ebs, Klevis Balliu dhe drejtues t\u00eb zon\u00ebs, kan\u00eb zhvilluar takime me banor\u00ebt e Kombinatit n\u00eb Tiran\u00eb.<\/p>\n<p>Noka u b\u00ebri thirrje qytetar\u00ebve t\u2019i bashkohen protest\u00ebs s\u00eb dat\u00ebs 11 Korrik kund\u00ebr regjimit autokrat e antishqiptar t\u00eb Edi Ram\u00ebs.<\/p>\n<p>\u201cProtest\u00ebs s\u00eb 11 korrikut duhet ti bashkohet \u00e7do familje, \u00e7do biznes, \u00e7do qytetar, q\u00eb \u00ebsht\u00eb prekur nga regimi autokrat i Ram\u00ebs. Synimi i vet\u00ebm i tij \u00ebsht\u00eb t\u00eb pasuroj\u00eb veten, familjar\u00ebt e tij, ministrat, zyrtar\u00ebt, drejtor\u00ebt, duke l\u00ebn\u00eb n\u00eb mjerim ekonomik shqiptar\u00ebt, t\u00eb cil\u00ebt rrug\u00eb t\u00eb vetme p\u00ebr t\u00eb shp\u00ebtuar nga ky regjim kriminal e banditesk gjejn\u00eb largimin nga vendi,\u201d u shpreh Noka teksa shp\u00ebrndante fletushka n\u00eb zon\u00ebn e Kombinatit.<\/p>\n<p>Noka gjithashtu i b\u00ebri thirrje \u00e7do demokrati, i cili k\u00ebrkon ndryshimin dhe largimin e qeveris\u00eb m\u00eb t\u00eb korruptuar jo vet\u00ebm n\u00eb rajonin e Ballkant por edhe m\u00eb gjer\u00eb, t\u00eb marr\u00eb pjes\u00eb n\u00eb protest\u00ebn e opozit\u00ebs s\u00eb bashkuar m\u00eb 11 korrik, n\u00eb nj\u00eb betej\u00eb pa kthim, deri n\u00eb formimin e nj\u00eb qeverie teknike dhe vendosjen para drejt\u00ebsis\u00eb t\u00eb hajdut\u00ebve t\u00eb taksave t\u00eb shqiptar\u00ebve.<\/p>\n<p>Zona e Kombinatit \u00ebsht\u00eb nj\u00eb nga zonat m\u00eb t\u00eb prekura nga t\u00ebrmeti i 2019-\u00ebs, banor\u00ebt e t\u00eb cilit ende nuk jan\u00eb kompensuar p\u00ebr d\u00ebmet e shkaktuara, nd\u00ebrsa bashkia u shemb \u00e7do dit\u00eb pallate e nd\u00ebrtesa p\u00ebr t\u00eb hapur sheshe nd\u00ebrtimi p\u00ebr miqt\u00eb e kryebashkiakut.<\/p>\n","protected":false},"excerpt":{"rendered":"<p>K\u00ebt\u00eb t\u00eb shtun\u00eb, n\u00ebn moton, \u201cT\u00eb bashkuar n\u00eb betej\u00eb,\u201d Sekretari i P\u00ebrgjithsh\u00ebm i PD-s\u00eb, Flamur Noka, Kryetari i Grupit Parlamentar, Gazment Bardhi, Koordinatori i Rajonit t\u00eb Tiran\u00ebs, Klevis Balliu dhe drejtues t\u00eb zon\u00ebs, kan\u00eb zhvilluar takime me banor\u00ebt e Kombinatit n\u00eb Tiran\u00eb. Noka u b\u00ebri thirrje qytetar\u00ebve t\u2019i bashkohen protest\u00ebs s\u00eb dat\u00ebs 11 Korrik kund\u00ebr &hellip;<\/p>\n","protected":false},"author":4,"featured_media":83690,"comment_status":"closed","ping_status":"closed","sticky":false,"template":"","format":"standard","meta":{"footnotes":""},"categories":[37],"tags":[],"class_list":["post-83689","post","type-post","status-publish","format-standard","has-post-thumbnail","","category-politike"],"_links":{"self":[{"href":"https:\/\/rdnews.al\/index.php\/wp-json\/wp\/v2\/posts\/83689","targetHints":{"allow":["GET"]}}],"collection":[{"href":"https:\/\/rdnews.al\/index.php\/wp-json\/wp\/v2\/posts"}],"about":[{"href":"https:\/\/rdnews.al\/index.php\/wp-json\/wp\/v2\/types\/post"}],"author":[{"embeddable":true,"href":"https:\/\/rdnews.al\/index.php\/wp-json\/wp\/v2\/users\/4"}],"replies":[{"embeddable":true,"href":"https:\/\/rdnews.al\/index.php\/wp-json\/wp\/v2\/comments?post=83689"}],"version-history":[{"count":0,"href":"https:\/\/rdnews.al\/index.php\/wp-json\/wp\/v2\/posts\/83689\/revisions"}],"wp:featuredmedia":[{"embeddable":true,"href":"https:\/\/rdnews.al\/index.php\/wp-json\/wp\/v2\/media\/83690"}],"wp:attachment":[{"href":"https:\/\/rdnews.al\/index.php\/wp-json\/wp\/v2\/media?parent=83689"}],"wp:term":[{"taxonomy":"category","embeddable":true,"href":"https:\/\/rdnews.al\/index.php\/wp-json\/wp\/v2\/categories?post=83689"},{"taxonomy":"post_tag","embeddable":true,"href":"https:\/\/rdnews.al\/index.php\/wp-json\/wp\/v2\/tags?post=83689"}],"curies":[{"name":"wp","href":"https:\/\/api.w.org\/{rel}","templated":true}]}}