{"id":83718,"date":"2024-07-06T18:53:33","date_gmt":"2024-07-06T18:53:33","guid":{"rendered":"https:\/\/rdnews.al\/?p=83718"},"modified":"2024-07-06T18:54:04","modified_gmt":"2024-07-06T18:54:04","slug":"me-demokrate-e-kombinatit-noka-pd-ka-burime-njerezore-te-jashtezakonshme","status":"publish","type":"post","link":"https:\/\/rdnews.al\/index.php\/2024\/07\/06\/me-demokrate-e-kombinatit-noka-pd-ka-burime-njerezore-te-jashtezakonshme\/","title":{"rendered":"Me demokrat\u00ebt e Kombinatit, Noka: PD ka burime njer\u00ebzore t\u00eb jasht\u00ebzakonshme!"},"content":{"rendered":"<p>Sekretari i P\u00ebrgjithsh\u00ebm i PD, Flamur Noka pas takimeve me banor\u00ebt e zon\u00ebs s\u00eb Kombinatit, ka konsumuar edhe nj\u00eb kafe me demokrat\u00ebt e simpatizant\u00ebt n\u00eb k\u00ebt\u00eb zon\u00eb.<\/p>\n<p>\u201cPD ka burime njer\u00ebzore t\u00eb jasht\u00ebzakonshme, t\u00eb cilat kan\u00eb potencialin t\u00eb t\u00ebrheqin mij\u00ebra qytetar\u00eb n\u00eb rrug\u00ebn e drejt\u00eb, por t\u00eb v\u00ebshtir\u00eb t\u00eb opozitarizmit\u201d, shkruan Flamur Noka n\u00eb postimin e tij n\u00eb Facebook.<\/p>\n<p><strong>Postimi i Flamur Nok\u00ebs<\/strong><\/p>\n<p>Nj\u00eb kafe me demokrat\u00eb t\u00eb zon\u00ebs s\u00eb Kombinatit.<\/p>\n<p>Organizimi i protest\u00ebs s\u00eb 11 korrikut k\u00ebrkon bashk\u00ebrendimin e t\u00eb gjitha energjive tona.<\/p>\n<p>PD ka burime njer\u00ebzore t\u00eb jasht\u00ebzakonshme, t\u00eb cilat kan\u00eb potencialin t\u00eb t\u00ebrheqin mij\u00ebra qytetar\u00eb n\u00eb rrug\u00ebn e drejt\u00eb, por t\u00eb v\u00ebshtir\u00eb t\u00eb opozitarizmit.<\/p>\n<p>Mendimet dhe idet\u00eb jan\u00eb t\u00eb larmishme.<\/p>\n<p>Ato shpesh nuk i ngjajn\u00eb nj\u00ebra-tjetr\u00ebs, mir\u00ebpo qasja se protesta e bashkon shoq\u00ebrin\u00eb p\u00ebrtej politik\u00ebs s\u00eb dit\u00ebs, \u00ebsht\u00eb e p\u00ebrbashk\u00ebt p\u00ebr \u00e7do demokrat, e k\u00ebshtu duhet t\u00eb jet\u00eb p\u00ebr \u00e7do qytetar t\u00eb p\u00ebrgjegjsh\u00ebm.<\/p>\n<p>11 KORRIK<\/p>\n<p>Ora 20:00<\/p>\n<p>Vendi Kryeministria<\/p>\n","protected":false},"excerpt":{"rendered":"<p>Sekretari i P\u00ebrgjithsh\u00ebm i PD, Flamur Noka pas takimeve me banor\u00ebt e zon\u00ebs s\u00eb Kombinatit, ka konsumuar edhe nj\u00eb kafe me demokrat\u00ebt e simpatizant\u00ebt n\u00eb k\u00ebt\u00eb zon\u00eb. \u201cPD ka burime njer\u00ebzore t\u00eb jasht\u00ebzakonshme, t\u00eb cilat kan\u00eb potencialin t\u00eb t\u00ebrheqin mij\u00ebra qytetar\u00eb n\u00eb rrug\u00ebn e drejt\u00eb, por t\u00eb v\u00ebshtir\u00eb t\u00eb opozitarizmit\u201d, shkruan Flamur Noka n\u00eb postimin &hellip;<\/p>\n","protected":false},"author":4,"featured_media":83719,"comment_status":"closed","ping_status":"closed","sticky":false,"template":"","format":"standard","meta":{"footnotes":""},"categories":[37],"tags":[],"class_list":["post-83718","post","type-post","status-publish","format-standard","has-post-thumbnail","","category-politike"],"_links":{"self":[{"href":"https:\/\/rdnews.al\/index.php\/wp-json\/wp\/v2\/posts\/83718","targetHints":{"allow":["GET"]}}],"collection":[{"href":"https:\/\/rdnews.al\/index.php\/wp-json\/wp\/v2\/posts"}],"about":[{"href":"https:\/\/rdnews.al\/index.php\/wp-json\/wp\/v2\/types\/post"}],"author":[{"embeddable":true,"href":"https:\/\/rdnews.al\/index.php\/wp-json\/wp\/v2\/users\/4"}],"replies":[{"embeddable":true,"href":"https:\/\/rdnews.al\/index.php\/wp-json\/wp\/v2\/comments?post=83718"}],"version-history":[{"count":0,"href":"https:\/\/rdnews.al\/index.php\/wp-json\/wp\/v2\/posts\/83718\/revisions"}],"wp:featuredmedia":[{"embeddable":true,"href":"https:\/\/rdnews.al\/index.php\/wp-json\/wp\/v2\/media\/83719"}],"wp:attachment":[{"href":"https:\/\/rdnews.al\/index.php\/wp-json\/wp\/v2\/media?parent=83718"}],"wp:term":[{"taxonomy":"category","embeddable":true,"href":"https:\/\/rdnews.al\/index.php\/wp-json\/wp\/v2\/categories?post=83718"},{"taxonomy":"post_tag","embeddable":true,"href":"https:\/\/rdnews.al\/index.php\/wp-json\/wp\/v2\/tags?post=83718"}],"curies":[{"name":"wp","href":"https:\/\/api.w.org\/{rel}","templated":true}]}}