{"id":83722,"date":"2024-07-06T18:57:38","date_gmt":"2024-07-06T18:57:38","guid":{"rendered":"https:\/\/rdnews.al\/?p=83722"},"modified":"2024-07-06T18:57:38","modified_gmt":"2024-07-06T18:57:38","slug":"berisha-ftoj-shqiptaret-qe-te-bashkohemi-me-11-korrik-ne-protesten-me-te-fuqishme","status":"publish","type":"post","link":"https:\/\/rdnews.al\/index.php\/2024\/07\/06\/berisha-ftoj-shqiptaret-qe-te-bashkohemi-me-11-korrik-ne-protesten-me-te-fuqishme\/","title":{"rendered":"Berisha: Ftoj shqiptar\u00ebt q\u00eb t\u00eb bashkohemi me 11 korrik n\u00eb protest\u00ebn m\u00eb t\u00eb fuqishme!"},"content":{"rendered":"<p>Kryetari i Partis\u00eb Demokratike, Sali Berisha gjat\u00eb fjal\u00ebs s\u00eb tij n\u00eb tubimin qytetar, ka ftuar qytetar\u00ebt shqiptar\u00eb q\u00eb t\u00eb bashkohen n\u00eb protest\u00ebn e 11 korrikut ora 20:00, n\u00eb protest\u00ebn m\u00eb t\u00eb madhe e m\u00eb t\u00eb fuqishme q\u00eb ka njohur historia e Shqip\u00ebris\u00eb.<\/p>\n<p>\u201cT\u00eb dashur q\u00ebndrestare dhe q\u00ebndrestar\u00eb, misionar\u00eb t\u00eb kauz\u00ebs s\u00eb drejt\u00eb t\u00eb dinjitetit, t\u00eb fitores s\u00eb forcave opozitare.<\/p>\n<p>T\u00eb dashur miq, n\u00eb em\u00ebr tuaj dua t\u00eb ftoj sonte mbar\u00eb qytetar\u00ebt e Shqip\u00ebris\u00eb, por edhe shqiptar\u00ebt kudo q\u00eb jan\u00eb t\u00eb bashkohemi me 11 korrik n\u00eb protest\u00ebn m\u00eb t\u00eb fuqishme q\u00eb ka njohur historia e k\u00ebtij vendi.<\/p>\n<p>T\u00eb bashkohemi n\u00eb mosbindjen civile, n\u00eb protest\u00ebn ton\u00eb kund\u00ebr nj\u00eb regjimi.<\/p>\n<p>Kund\u00ebr Edi Ram\u00ebs dhe regjimit t\u00eb tij, q\u00eb po p\u00ebrvet\u00ebson, po vjedh dit\u00ebn dhe nat\u00ebn, n\u00eb \u00e7do or\u00eb dhe n\u00eb \u00e7do koh\u00eb, fondet publike dhe pasurit\u00eb publike t\u00eb shqiptar\u00ebve.<\/p>\n<p>Po i shnd\u00ebrron ato n\u00eb pasuri private.<\/p>\n<p>Po i shnd\u00ebrron ato n\u00eb vila, pallate, kulla, hotele n\u00eb t\u00eb kat\u00ebr an\u00ebt e Shqip\u00ebris\u00eb.<\/p>\n<p>Po i fsheh ato n\u00eb llogarit\u00eb bankare offshore dhe shqiptar\u00ebt po varf\u00ebrohen dhe mjerohen \u00e7do dit\u00eb n\u00eb vendin e tyre.<\/p>\n<p>Ftoj shqiptar\u00ebt me 11 korrik t\u00eb bashkohemi kund\u00ebr k\u00ebtij regjimi q\u00eb ka shnd\u00ebrruar pasurit\u00eb p\u00ebrrallore t\u00eb Shqip\u00ebris\u00eb n\u00eb nj\u00eb mallkim p\u00ebr shqiptar\u00ebt.<\/p>\n<p>Kund\u00ebr k\u00ebtij regjimi q\u00eb potencialin e jasht\u00ebzakonsh\u00ebm turistik e ka shnd\u00ebrruar n\u00eb nj\u00eb potencial p\u00ebr t\u00eb ushqyer qeveritar\u00ebt, klanet e drog\u00ebs, klanet e krimit.<\/p>\n<p>Ftoj shqiptar\u00ebt t\u00eb mos harrojn\u00eb dhe t\u00eb protestojn\u00eb m\u00eb 11 korrik sepse n\u00eb Shqip\u00ebri si n\u00eb asnj\u00eb vend tjet\u00ebr t\u00eb planetit, qytetar\u00ebt paguajn\u00eb 130 milion\u00eb euro p\u00ebr djeg\u00ebsin e Tiran\u00ebs.<\/p>\n<p>Ato para zhduken dhe djeg\u00ebsi nuk ka as nam as nishan.<\/p>\n<p>Ato para vidhen nga Edi Rama, Erion Veliaj, suita e tyre dhe k\u00ebt\u00eb vjedhje shekulli e amniston Altin Zamani, ky mercenar n\u00eb krye t\u00eb grupit t\u00eb strukturuar kriminal Skrapi i parties\u201d, tha Berisha.<\/p>\n","protected":false},"excerpt":{"rendered":"<p>Kryetari i Partis\u00eb Demokratike, Sali Berisha gjat\u00eb fjal\u00ebs s\u00eb tij n\u00eb tubimin qytetar, ka ftuar qytetar\u00ebt shqiptar\u00eb q\u00eb t\u00eb bashkohen n\u00eb protest\u00ebn e 11 korrikut ora 20:00, n\u00eb protest\u00ebn m\u00eb t\u00eb madhe e m\u00eb t\u00eb fuqishme q\u00eb ka njohur historia e Shqip\u00ebris\u00eb. \u201cT\u00eb dashur q\u00ebndrestare dhe q\u00ebndrestar\u00eb, misionar\u00eb t\u00eb kauz\u00ebs s\u00eb drejt\u00eb t\u00eb dinjitetit, t\u00eb &hellip;<\/p>\n","protected":false},"author":4,"featured_media":82601,"comment_status":"closed","ping_status":"closed","sticky":false,"template":"","format":"standard","meta":{"footnotes":""},"categories":[37],"tags":[],"class_list":["post-83722","post","type-post","status-publish","format-standard","has-post-thumbnail","","category-politike"],"_links":{"self":[{"href":"https:\/\/rdnews.al\/index.php\/wp-json\/wp\/v2\/posts\/83722","targetHints":{"allow":["GET"]}}],"collection":[{"href":"https:\/\/rdnews.al\/index.php\/wp-json\/wp\/v2\/posts"}],"about":[{"href":"https:\/\/rdnews.al\/index.php\/wp-json\/wp\/v2\/types\/post"}],"author":[{"embeddable":true,"href":"https:\/\/rdnews.al\/index.php\/wp-json\/wp\/v2\/users\/4"}],"replies":[{"embeddable":true,"href":"https:\/\/rdnews.al\/index.php\/wp-json\/wp\/v2\/comments?post=83722"}],"version-history":[{"count":0,"href":"https:\/\/rdnews.al\/index.php\/wp-json\/wp\/v2\/posts\/83722\/revisions"}],"wp:featuredmedia":[{"embeddable":true,"href":"https:\/\/rdnews.al\/index.php\/wp-json\/wp\/v2\/media\/82601"}],"wp:attachment":[{"href":"https:\/\/rdnews.al\/index.php\/wp-json\/wp\/v2\/media?parent=83722"}],"wp:term":[{"taxonomy":"category","embeddable":true,"href":"https:\/\/rdnews.al\/index.php\/wp-json\/wp\/v2\/categories?post=83722"},{"taxonomy":"post_tag","embeddable":true,"href":"https:\/\/rdnews.al\/index.php\/wp-json\/wp\/v2\/tags?post=83722"}],"curies":[{"name":"wp","href":"https:\/\/api.w.org\/{rel}","templated":true}]}}