{"id":83764,"date":"2024-07-08T07:57:31","date_gmt":"2024-07-08T07:57:31","guid":{"rendered":"https:\/\/rdnews.al\/?p=83764"},"modified":"2024-07-08T07:57:31","modified_gmt":"2024-07-08T07:57:31","slug":"shpopullimi-perkeqeson-strukturen-e-familjes-rriten-me-152-ciftet-pa-femije-gjate-qeverisjes-rama","status":"publish","type":"post","link":"https:\/\/rdnews.al\/index.php\/2024\/07\/08\/shpopullimi-perkeqeson-strukturen-e-familjes-rriten-me-152-ciftet-pa-femije-gjate-qeverisjes-rama\/","title":{"rendered":"Shpopullimi p\u00ebrkeq\u00ebson struktur\u00ebn e familjes, rriten me 152% \u00e7iftet pa f\u00ebmij\u00eb gjat\u00eb qeverisjes Rama"},"content":{"rendered":"<p>Popullsia e Shqip\u00ebris\u00eb rezultoi m\u00eb e pak\u00ebt dhe m\u00eb e plakur n\u00eb Censin e vitit 2023, por gjithashtu struktura e familjeve shqiptare \u00ebsht\u00eb p\u00ebrkeq\u00ebsuar ndjesh\u00ebm si rezultat i r\u00ebnies s\u00eb lindjeve dhe emigracionit.<\/p>\n<p>Censi gjeti nj\u00eb fenomen t\u00eb cilin e kishin lajm\u00ebruar m\u00eb par\u00eb. N\u00eb totalin e familjeve shqiptare, pati nj\u00eb p\u00ebrqindje t\u00eb madhe t\u00eb nj\u00ebsive t\u00eb familjeve pa f\u00ebmij\u00eb, t\u00eb cilat jan\u00eb rritur ndjesh\u00ebm n\u00eb krahasim me vitin 2011.<\/p>\n<p>Sipas t\u00eb dh\u00ebnave t\u00eb Cens 2023, familjet e martuara ose q\u00eb bashk\u00ebjetojn\u00eb pa f\u00ebmij\u00eb ishin 264,882, me rritje 152% nga Censi 2011. Numri i familjeve nd\u00ebrmjet dy censeve u rrit me rreth 33 mij\u00eb ose 4.5%, por numri i \u00e7ifteve pa f\u00ebmij\u00eb ka sh\u00ebnuar rritje t\u00eb ndjeshme p\u00ebr shkak t\u00eb emigracionit t\u00eb lart\u00eb t\u00eb t\u00eb rinjve gjat\u00eb dekad\u00ebs s\u00eb fundit.<\/p>\n<p>Gjithashtu, \u00e7iftet e martuara ose n\u00eb bashk\u00ebjetes\u00eb gjithnj\u00eb e m\u00eb shum\u00eb po e shtyjn\u00eb lindjen e f\u00ebmij\u00ebs s\u00eb par\u00eb. Shum\u00eb nga \u00e7iftet e reja martohen dhe nisin p\u00ebrgatitjet p\u00ebr t\u00eb emigruar duke vonuar ardhjen n\u00eb jet\u00eb t\u00eb bebeve.<\/p>\n<p>Sipas censit, b\u00ebrthamat familjare m\u00eb t\u00eb shpeshta p\u00ebrb\u00ebheshin nga \u00e7ifte t\u00eb martuara ose bashk\u00ebjetues me f\u00ebmij\u00eb, 52,2%, e ndjekur nga \u00e7ifte t\u00eb martuara ose bashk\u00ebjetues pa f\u00ebmij\u00eb, 37,5%, nd\u00ebrsa prind\u00ebrit e vet\u00ebm me f\u00ebmij\u00eb p\u00ebrb\u00ebnin vet\u00ebm 10,3% t\u00eb tyre.<\/p>\n<p>Emigracioni i dekad\u00ebs s\u00eb fundit uli ndjesh\u00ebm edhe numrin e an\u00ebtar\u00ebve t\u00eb familjes. N\u00eb censin 2023, madh\u00ebsia mesatare e familjeve \u00ebsht\u00eb 3,2 an\u00ebtar\u00eb, krahasuar me 3,9 an\u00ebtar\u00eb p\u00ebr familje n\u00eb Censin e 2011 dhe 4,2 an\u00ebtar\u00eb n\u00eb vitin 2001.<\/p>\n<p>N\u00eb vitin 2023, rreth nj\u00eb n\u00eb kat\u00ebr familje, 24,3% kan\u00eb si person reference grua, personi i cili p\u00ebrgjith\u00ebsisht merr vendimet kryesore dhe njihet si i till\u00eb nga t\u00eb gjith\u00eb an\u00ebtar\u00ebt e saj.<\/p>\n<p>N\u00eb censin e vitit 2001, familja n\u00eb p\u00ebrgjith\u00ebsi n\u00eb Shqip\u00ebri karakterizohej nga nj\u00eb num\u00ebr i madh an\u00ebtar\u00ebsh, mesatarisht 4.2 an\u00ebtar\u00eb, q\u00eb p\u00ebrb\u00ebnin 2\/3 e 727 mij\u00eb familjeve me kat\u00ebr apo m\u00eb shum\u00eb an\u00ebtar\u00eb dhe nj\u00eb e kat\u00ebrta e p\u00ebrqendruar n\u00eb madh\u00ebsin\u00eb prej 4 an\u00ebtar\u00ebsh.<\/p>\n<p>Nd\u00ebrsa n\u00eb vitin 2023, rreth 28,5% e familjeve, p\u00ebrfaq\u00ebsohet nga tipologjia me p\u00ebrb\u00ebrje prej dy an\u00ebtar\u00ebsh, e cila \u00ebsht\u00eb dhe kategoria m\u00eb e madhe.<\/p>\n<p>Familjet m\u00eb t\u00eb m\u00ebdha, me pes\u00eb apo m\u00eb shum\u00eb an\u00ebtar\u00eb, p\u00ebrfaq\u00ebsojn\u00eb m\u00eb pak se nj\u00eb t\u00eb pest\u00ebn (19,5%) t\u00eb familjeve, e njehsuar me nj\u00eb t\u00eb tret\u00ebn e popullsis\u00eb (35,8%).\/ MONITOR<\/p>\n<p><img loading=\"lazy\" decoding=\"async\" class=\"alignnone size-medium wp-image-1410232\" src=\"https:\/\/boldnews.al\/wp-content\/uploads\/2024\/07\/ec-graf-640x316.jpg\" sizes=\"auto, (max-width: 640px) 100vw, 640px\" srcset=\"https:\/\/boldnews.al\/wp-content\/uploads\/2024\/07\/ec-graf-640x316.jpg 640w, https:\/\/boldnews.al\/wp-content\/uploads\/2024\/07\/ec-graf.jpg 684w\" alt=\"\" width=\"640\" height=\"316\" data-pin-no-hover=\"true\" \/><\/p>\n","protected":false},"excerpt":{"rendered":"<p>Popullsia e Shqip\u00ebris\u00eb rezultoi m\u00eb e pak\u00ebt dhe m\u00eb e plakur n\u00eb Censin e vitit 2023, por gjithashtu struktura e familjeve shqiptare \u00ebsht\u00eb p\u00ebrkeq\u00ebsuar ndjesh\u00ebm si rezultat i r\u00ebnies s\u00eb lindjeve dhe emigracionit. Censi gjeti nj\u00eb fenomen t\u00eb cilin e kishin lajm\u00ebruar m\u00eb par\u00eb. N\u00eb totalin e familjeve shqiptare, pati nj\u00eb p\u00ebrqindje t\u00eb madhe t\u00eb &hellip;<\/p>\n","protected":false},"author":4,"featured_media":83765,"comment_status":"closed","ping_status":"closed","sticky":false,"template":"","format":"standard","meta":{"footnotes":""},"categories":[37],"tags":[],"class_list":["post-83764","post","type-post","status-publish","format-standard","has-post-thumbnail","","category-politike"],"_links":{"self":[{"href":"https:\/\/rdnews.al\/index.php\/wp-json\/wp\/v2\/posts\/83764","targetHints":{"allow":["GET"]}}],"collection":[{"href":"https:\/\/rdnews.al\/index.php\/wp-json\/wp\/v2\/posts"}],"about":[{"href":"https:\/\/rdnews.al\/index.php\/wp-json\/wp\/v2\/types\/post"}],"author":[{"embeddable":true,"href":"https:\/\/rdnews.al\/index.php\/wp-json\/wp\/v2\/users\/4"}],"replies":[{"embeddable":true,"href":"https:\/\/rdnews.al\/index.php\/wp-json\/wp\/v2\/comments?post=83764"}],"version-history":[{"count":0,"href":"https:\/\/rdnews.al\/index.php\/wp-json\/wp\/v2\/posts\/83764\/revisions"}],"wp:featuredmedia":[{"embeddable":true,"href":"https:\/\/rdnews.al\/index.php\/wp-json\/wp\/v2\/media\/83765"}],"wp:attachment":[{"href":"https:\/\/rdnews.al\/index.php\/wp-json\/wp\/v2\/media?parent=83764"}],"wp:term":[{"taxonomy":"category","embeddable":true,"href":"https:\/\/rdnews.al\/index.php\/wp-json\/wp\/v2\/categories?post=83764"},{"taxonomy":"post_tag","embeddable":true,"href":"https:\/\/rdnews.al\/index.php\/wp-json\/wp\/v2\/tags?post=83764"}],"curies":[{"name":"wp","href":"https:\/\/api.w.org\/{rel}","templated":true}]}}