{"id":83863,"date":"2024-07-08T18:46:42","date_gmt":"2024-07-08T18:46:42","guid":{"rendered":"https:\/\/rdnews.al\/?p=83863"},"modified":"2024-07-08T18:47:59","modified_gmt":"2024-07-08T18:47:59","slug":"protesta-11-korrikut-noka-bardhi-qdhe-bylykbashi-takim-me-qytetaret-e-durresit-te-gjithe-bashke-kunder-rames","status":"publish","type":"post","link":"https:\/\/rdnews.al\/index.php\/2024\/07\/08\/protesta-11-korrikut-noka-bardhi-qdhe-bylykbashi-takim-me-qytetaret-e-durresit-te-gjithe-bashke-kunder-rames\/","title":{"rendered":"Protesta e 11 korrikut\/ Noka, Bardhi qdhe Bylykbashi me qytetar\u00ebt e Durr\u00ebsit: T\u00eb gjith\u00eb bashk\u00eb kund\u00ebr Ram\u00ebs"},"content":{"rendered":"<p>Teksa na ndajn\u00eb tre dit\u00eb nga protesta e opozit\u00ebs, Sekretari i P\u00ebrgjithsh\u00ebm i PD-s\u00eb, Flamur Noka, Kryetari i Grupit Parlamentar, Gazment Bardhi, n\u00ebnkryetari i PD, Oerd Bylykbashi dhe drejtues lokal t\u00eb PD-s\u00eb, kan\u00eb zhvilluar k\u00ebt\u00eb t\u00eb h\u00ebn\u00eb takime n\u00eb disa zona t\u00eb qytetit t\u00eb Durr\u00ebsit.<\/p>\n<p>Gjat\u00eb takimeve t\u00eb ndryshme me qytetar\u00ebt, Noka u ka b\u00ebr\u00eb thirrje thirrje qytetar\u00ebve q\u00eb t\u2019i bashkohen protest\u00ebs s\u00eb dat\u00ebs 11 Korrik, ora 20:00 kund\u00ebr regjimit kriminal dhe anti-europian t\u00eb Edi Ram\u00ebs.<\/p>\n<p>\u201cKjo protest\u00eb \u00ebsht\u00eb p\u00ebr \u00e7do familje, \u00e7do biznes, \u00e7do qytetar, q\u00eb \u00ebsht\u00eb prekur ekonomikisht nga regimi autokrat i Ram\u00ebs. Ai ka privatizuar, ka vjedhur portin e Durr\u00ebsit, duke u marr\u00eb pron\u00ebn qytetar\u00ebve\u2019, ka dekalruara Noka nd\u00ebrsa shp\u00ebrndante fletpalosje n\u00eb zon\u00ebn e Durr\u00ebsit.<\/p>\n<p>Sekretari i P\u00ebrgjithsh\u00ebm Flamur Noka i ka b\u00ebr\u00eb thirrje \u00e7do demokrati, q\u00eb k\u00ebrkon largimin e k\u00ebsaj qeverie t\u00eb korruptuar, t\u00eb marr\u00eb pjes\u00eb n\u00eb protest\u00ebn e opozit\u00ebs s\u00eb bashkuar m\u00eb 11 korrik ora 20:00, n\u00eb nj\u00eb betej\u00eb pa kthim, deri n\u00eb formimin e nj\u00eb qeverie teknike dhe vendosjen para drejt\u00ebsis\u00eb t\u00eb hajdut\u00ebve n\u00eb qeveri.<\/p>\n","protected":false},"excerpt":{"rendered":"<p>Teksa na ndajn\u00eb tre dit\u00eb nga protesta e opozit\u00ebs, Sekretari i P\u00ebrgjithsh\u00ebm i PD-s\u00eb, Flamur Noka, Kryetari i Grupit Parlamentar, Gazment Bardhi, n\u00ebnkryetari i PD, Oerd Bylykbashi dhe drejtues lokal t\u00eb PD-s\u00eb, kan\u00eb zhvilluar k\u00ebt\u00eb t\u00eb h\u00ebn\u00eb takime n\u00eb disa zona t\u00eb qytetit t\u00eb Durr\u00ebsit. Gjat\u00eb takimeve t\u00eb ndryshme me qytetar\u00ebt, Noka u ka b\u00ebr\u00eb &hellip;<\/p>\n","protected":false},"author":4,"featured_media":83864,"comment_status":"closed","ping_status":"closed","sticky":false,"template":"","format":"standard","meta":{"footnotes":""},"categories":[37],"tags":[],"class_list":["post-83863","post","type-post","status-publish","format-standard","has-post-thumbnail","","category-politike"],"_links":{"self":[{"href":"https:\/\/rdnews.al\/index.php\/wp-json\/wp\/v2\/posts\/83863","targetHints":{"allow":["GET"]}}],"collection":[{"href":"https:\/\/rdnews.al\/index.php\/wp-json\/wp\/v2\/posts"}],"about":[{"href":"https:\/\/rdnews.al\/index.php\/wp-json\/wp\/v2\/types\/post"}],"author":[{"embeddable":true,"href":"https:\/\/rdnews.al\/index.php\/wp-json\/wp\/v2\/users\/4"}],"replies":[{"embeddable":true,"href":"https:\/\/rdnews.al\/index.php\/wp-json\/wp\/v2\/comments?post=83863"}],"version-history":[{"count":0,"href":"https:\/\/rdnews.al\/index.php\/wp-json\/wp\/v2\/posts\/83863\/revisions"}],"wp:featuredmedia":[{"embeddable":true,"href":"https:\/\/rdnews.al\/index.php\/wp-json\/wp\/v2\/media\/83864"}],"wp:attachment":[{"href":"https:\/\/rdnews.al\/index.php\/wp-json\/wp\/v2\/media?parent=83863"}],"wp:term":[{"taxonomy":"category","embeddable":true,"href":"https:\/\/rdnews.al\/index.php\/wp-json\/wp\/v2\/categories?post=83863"},{"taxonomy":"post_tag","embeddable":true,"href":"https:\/\/rdnews.al\/index.php\/wp-json\/wp\/v2\/tags?post=83863"}],"curies":[{"name":"wp","href":"https:\/\/api.w.org\/{rel}","templated":true}]}}