{"id":83931,"date":"2024-07-09T10:54:41","date_gmt":"2024-07-09T10:54:41","guid":{"rendered":"https:\/\/rdnews.al\/?p=83931"},"modified":"2024-07-09T10:54:41","modified_gmt":"2024-07-09T10:54:41","slug":"bylykbashi-edi-rama-kerkon-te-zbatoje-nje-reforme-zgjedhore-qe-i-shkon-per-shtat-ps","status":"publish","type":"post","link":"https:\/\/rdnews.al\/index.php\/2024\/07\/09\/bylykbashi-edi-rama-kerkon-te-zbatoje-nje-reforme-zgjedhore-qe-i-shkon-per-shtat-ps\/","title":{"rendered":"Bylykbashi: Edi Rama k\u00ebrkon t\u00eb zbatoj\u00eb nj\u00eb reform\u00eb zgjedhore q\u00eb i shkon p\u00ebr shtat PS"},"content":{"rendered":"<p>Bashk\u00ebkryetari i grupit t\u00eb dialogut p\u00ebr Reform\u00ebn Zgjedhore, Oerd\u00a0Bylykbashi n\u00eb reagimin tij p\u00ebr mediat \u00ebsht\u00eb shprehur se, Edi Rama k\u00ebrkon t\u00eb zbatoj\u00eb nj\u00eb reform\u00eb zgjedhore q\u00eb i shkon p\u00ebr shtat PS dhe q\u00eb i garanton pushtetin absolut.<\/p>\n<p>N\u00eb fjal\u00ebn e tij p\u00ebr emdiat Bylykbashi ka theksuar se Rama nuk pranon t\u00eb zbatoj\u00eb marr\u00ebveshjen e 5 qershorit, e cila \u00ebsht\u00eb mb\u00ebshtetur fuqish\u00ebm nga nd\u00ebrkomb\u00ebtaret dhe rekomandimet e OSBE-ODIHR sa i p\u00ebrket zgjedhjeve t\u00eb lira dhe t\u00eb ndershme.<\/p>\n<p>&#8220;Reforma zgjedhore d\u00ebshtoi p\u00ebr gati dy vite duke mos b\u00ebr\u00eb asgj\u00eb. Grupi i dialogut nuk kishte mund\u00ebsi q\u00eb prej tre muajsh q\u00eb \u00ebsht\u00eb ngritur t\u00eb trajtonte dy \u00e7\u00ebshtjet q\u00eb fillon me kthimin te marr\u00ebveshja e 5 qershorit q\u00eb ka marr\u00eb bekimin kancelarive per\u00ebndimore m\u00eb n\u00eb kryer SHBA- dhe t\u00eb mos zbatoj\u00eb rekomandimet e OSBE-ODIHR.<\/p>\n<p>Akti i djesh\u00ebm i nj\u00ebansh\u00ebm i q\u00ebllimsh\u00ebm p\u00ebr t\u00eb depozituar disa amendamente q\u00eb nuk trajton \u00a0reform\u00ebn zgjedhore \u00ebsht\u00eb dhe d\u00ebnimi p\u00ebrfundimtar i \u00e7do shanc q\u00eb t\u00eb b\u00ebhet nj\u00eb reform\u00eb zgjedhore ku trajtohen shqet\u00ebsimet reale t\u00eb partive politike p\u00ebr zgjedhjet \u00eb lira dhe t\u00eb ndershme dhe rekomandimet e OSBE-ODIHR.<\/p>\n<p>Rama \u00ebsht\u00eb i q\u00ebndrimit q\u00eb vjedh shanset e shqiptar\u00ebve dhe m\u00eb pas nuk ja kthej k\u00ebto t\u00eb drejta. \u00c7do lloj pretendimi p\u00ebrballemi me faktin q\u00eb Rama e vret reform\u00ebn zgjedhore p\u00ebr t\u00eb disat\u00ebn her\u00eb.<\/p>\n<p>K\u00ebshilli komb\u00ebtar i PD n\u00eb nj\u00eb rezolut\u00eb t\u00eb saj p\u00ebrcaktoj vot\u00ebn e emigrant\u00ebve si nj\u00eb nga \u00e7\u00ebshtjet m\u00eb t\u00eb r\u00ebnd\u00ebsishme n\u00eb garantimin zgjedhjeve t\u00eb lira dhe t\u00eb ndershme.<\/p>\n<p>Amendamentet e propozuara nga Rama k\u00ebrkon q\u00eb t\u00eb votojn\u00eb vet\u00ebm ata emigrant\u00eb q\u00eb kan\u00eb nj\u00eb adres\u00eb fikse nd\u00ebrsa ata qindra mij\u00ebra q\u00eb jan\u00eb larguar vitet e fundit t\u00eb mos ken\u00eb mund\u00ebsi q\u00eb t\u00eb votojn\u00eb.<\/p>\n<p>N\u00ebse do t\u00eb kishte nj\u00eb proces konsensual do t\u00eb kishim gjetur nj\u00eb mekaniz\u00ebm dhe formul\u00eb ku do t\u00eb hapeshin listat me standartin europina dhe do t\u00eb garantonte drejt\u00ebsi dhe barazi t\u00eb vot\u00ebs\u201d, tha Bylykbashi.<\/p>\n","protected":false},"excerpt":{"rendered":"<p>Bashk\u00ebkryetari i grupit t\u00eb dialogut p\u00ebr Reform\u00ebn Zgjedhore, Oerd\u00a0Bylykbashi n\u00eb reagimin tij p\u00ebr mediat \u00ebsht\u00eb shprehur se, Edi Rama k\u00ebrkon t\u00eb zbatoj\u00eb nj\u00eb reform\u00eb zgjedhore q\u00eb i shkon p\u00ebr shtat PS dhe q\u00eb i garanton pushtetin absolut. N\u00eb fjal\u00ebn e tij p\u00ebr emdiat Bylykbashi ka theksuar se Rama nuk pranon t\u00eb zbatoj\u00eb marr\u00ebveshjen e 5 &hellip;<\/p>\n","protected":false},"author":4,"featured_media":0,"comment_status":"closed","ping_status":"closed","sticky":false,"template":"","format":"standard","meta":{"footnotes":""},"categories":[37],"tags":[],"class_list":["post-83931","post","type-post","status-publish","format-standard","","category-politike"],"_links":{"self":[{"href":"https:\/\/rdnews.al\/index.php\/wp-json\/wp\/v2\/posts\/83931","targetHints":{"allow":["GET"]}}],"collection":[{"href":"https:\/\/rdnews.al\/index.php\/wp-json\/wp\/v2\/posts"}],"about":[{"href":"https:\/\/rdnews.al\/index.php\/wp-json\/wp\/v2\/types\/post"}],"author":[{"embeddable":true,"href":"https:\/\/rdnews.al\/index.php\/wp-json\/wp\/v2\/users\/4"}],"replies":[{"embeddable":true,"href":"https:\/\/rdnews.al\/index.php\/wp-json\/wp\/v2\/comments?post=83931"}],"version-history":[{"count":0,"href":"https:\/\/rdnews.al\/index.php\/wp-json\/wp\/v2\/posts\/83931\/revisions"}],"wp:attachment":[{"href":"https:\/\/rdnews.al\/index.php\/wp-json\/wp\/v2\/media?parent=83931"}],"wp:term":[{"taxonomy":"category","embeddable":true,"href":"https:\/\/rdnews.al\/index.php\/wp-json\/wp\/v2\/categories?post=83931"},{"taxonomy":"post_tag","embeddable":true,"href":"https:\/\/rdnews.al\/index.php\/wp-json\/wp\/v2\/tags?post=83931"}],"curies":[{"name":"wp","href":"https:\/\/api.w.org\/{rel}","templated":true}]}}