{"id":83953,"date":"2024-07-09T16:14:36","date_gmt":"2024-07-09T16:14:36","guid":{"rendered":"https:\/\/rdnews.al\/?p=83953"},"modified":"2024-07-09T16:14:36","modified_gmt":"2024-07-09T16:14:36","slug":"boci-protestat-e-opozites-detyruan-spak-un-te-kaperceje-letargjine","status":"publish","type":"post","link":"https:\/\/rdnews.al\/index.php\/2024\/07\/09\/boci-protestat-e-opozites-detyruan-spak-un-te-kaperceje-letargjine\/","title":{"rendered":"Bo\u00e7i: Protestat e opozit\u00ebs detyruan SPAK-un t\u00eb kap\u00ebrcej\u00eb letargjin\u00eb"},"content":{"rendered":"<p>N\u00ebnkryetari i PD, Lu\u00e7iano Bo\u00e7i u shpreh se sekuestrimi i kompanis\u00eb &#8216;5D&#8217; nga SPAK-u ishte i vonuar.\u00a0 N\u00eb nj\u00eb intervist\u00eb n\u00eb Ora News dhe se ky veprim erdhi pas nj\u00eb presioni nga opozita pas protestave tek bashkia e Tiran\u00ebs.<\/p>\n<p>\u201cVeprim i vonuar pas gati tre muaj gati e gjys\u00ebm nga ana e SPAK-ut dhe GJKKO-s\u00eb.<\/p>\n<p>Sepse sekuestrot e llogarive financiare apo t\u00eb pasurive jan\u00eb edhe element provash dhe k\u00ebto s\u2019mund t\u00eb liheshin t\u00eb tilla p\u00ebr nj\u00eb koh\u00eb t\u00eb gjat\u00eb pa sekuestro.<\/p>\n<p>Dhe t\u00eb mos harrojm\u00eb q\u00eb kjo sekuestro ka ardhur pas nj\u00eb presioni t\u00eb jasht\u00ebzakonsh\u00ebm q\u00eb ka b\u00ebr\u00eb opozita me protestat e saj para bashkis\u00eb s\u00eb Tiran\u00ebs dhe me denoncimet e vazhdueshme t\u00eb sjella publikisht dhe t\u00eb dor\u00ebzuara n\u00eb SPAK nga K\u00eblli\u00e7i.<\/p>\n<p>Jan\u00eb 1600 faqe vet\u00ebm p\u00ebr \u00e7\u00ebshtjen e 5D, mesa di un\u00eb jan\u00eb 160 faqe, fakte, shkresa e dokumente t\u00eb cilat kan\u00eb detyruar SPAK-un t\u00eb dali me nj\u00eb veprim t\u00eb till\u00eb.<\/p>\n<p>Nuk \u00ebsht\u00eb vendi p\u00ebr t\u00eb duartrokitur SPAK-un, \u00ebsht\u00eb vendi p\u00ebr t\u00eb duartrokitur opozit\u00ebn me konsistenc\u00ebn e saj q\u00eb ka detyruar SPAK-un, t\u00eb kap\u00ebrcej\u00eb letargjin\u00eb e tij n\u00eb raport me \u00e7\u00ebshtjen e korrupsionit n\u00eb bashkin\u00eb e Tiran\u00ebs\u201d, tha Bo\u00e7i.<\/p>\n","protected":false},"excerpt":{"rendered":"<p>N\u00ebnkryetari i PD, Lu\u00e7iano Bo\u00e7i u shpreh se sekuestrimi i kompanis\u00eb &#8216;5D&#8217; nga SPAK-u ishte i vonuar.\u00a0 N\u00eb nj\u00eb intervist\u00eb n\u00eb Ora News dhe se ky veprim erdhi pas nj\u00eb presioni nga opozita pas protestave tek bashkia e Tiran\u00ebs. \u201cVeprim i vonuar pas gati tre muaj gati e gjys\u00ebm nga ana e SPAK-ut dhe GJKKO-s\u00eb. &hellip;<\/p>\n","protected":false},"author":4,"featured_media":83120,"comment_status":"closed","ping_status":"closed","sticky":false,"template":"","format":"standard","meta":{"footnotes":""},"categories":[37],"tags":[],"class_list":["post-83953","post","type-post","status-publish","format-standard","has-post-thumbnail","","category-politike"],"_links":{"self":[{"href":"https:\/\/rdnews.al\/index.php\/wp-json\/wp\/v2\/posts\/83953","targetHints":{"allow":["GET"]}}],"collection":[{"href":"https:\/\/rdnews.al\/index.php\/wp-json\/wp\/v2\/posts"}],"about":[{"href":"https:\/\/rdnews.al\/index.php\/wp-json\/wp\/v2\/types\/post"}],"author":[{"embeddable":true,"href":"https:\/\/rdnews.al\/index.php\/wp-json\/wp\/v2\/users\/4"}],"replies":[{"embeddable":true,"href":"https:\/\/rdnews.al\/index.php\/wp-json\/wp\/v2\/comments?post=83953"}],"version-history":[{"count":0,"href":"https:\/\/rdnews.al\/index.php\/wp-json\/wp\/v2\/posts\/83953\/revisions"}],"wp:featuredmedia":[{"embeddable":true,"href":"https:\/\/rdnews.al\/index.php\/wp-json\/wp\/v2\/media\/83120"}],"wp:attachment":[{"href":"https:\/\/rdnews.al\/index.php\/wp-json\/wp\/v2\/media?parent=83953"}],"wp:term":[{"taxonomy":"category","embeddable":true,"href":"https:\/\/rdnews.al\/index.php\/wp-json\/wp\/v2\/categories?post=83953"},{"taxonomy":"post_tag","embeddable":true,"href":"https:\/\/rdnews.al\/index.php\/wp-json\/wp\/v2\/tags?post=83953"}],"curies":[{"name":"wp","href":"https:\/\/api.w.org\/{rel}","templated":true}]}}