{"id":83955,"date":"2024-07-09T16:20:50","date_gmt":"2024-07-09T16:20:50","guid":{"rendered":"https:\/\/rdnews.al\/?p=83955"},"modified":"2024-07-09T16:20:50","modified_gmt":"2024-07-09T16:20:50","slug":"drejtoret-e-veliajt-shiten-asetet-dhe-ne-fund-spak-sekuestroi-nje-garazh-dhe-dy-apartamente","status":"publish","type":"post","link":"https:\/\/rdnews.al\/index.php\/2024\/07\/09\/drejtoret-e-veliajt-shiten-asetet-dhe-ne-fund-spak-sekuestroi-nje-garazh-dhe-dy-apartamente\/","title":{"rendered":"Drejtor\u00ebt e Veliajt shit\u00ebn asetet dhe n\u00eb fund SPAK sekuestroi nj\u00eb garazh dhe dy apartamente"},"content":{"rendered":"<p>An\u00ebtari i Kryesis\u00eb s\u00eb PD, Belind K\u00eblli\u00e7i ka se SPAK u ka dh\u00ebn\u00eb mund\u00ebsi t\u00eb akuzuarve t\u00eb skandalit \u20185D\u2019 q\u00eb t\u00eb sheshin asetet e tyre dhe n\u00eb fund Prokuroria e Posa\u00e7me sekuestroi vet\u00ebm nj\u00eb garazh dhe dy apartamente.<\/p>\n<p>Gjat\u00eb bised\u00ebs n\u00eb \u2018Task Force\u2019 me Sonila Me\u00e7on n\u00eb SYRI TV, K\u00eblli\u00e7i deklaroi se, SPAK ka hetuar n\u00eb gjendje t\u00eb lir\u00eb administratorin e \u20185D\u2019 Nestor Muhametllari edhe pse \u00ebsht\u00eb i akuzuar p\u00ebr korrupsion aktiv.<\/p>\n<p>\u201cAdministratori i \u20185D\u2019 Nestor Muhametllari \u00ebsht\u00eb i akuzuar p\u00ebr korrupsion aktiv dhe ky zot\u00ebria \u00ebsht\u00eb i lir\u00eb sot, \u00ebsht\u00eb l\u00ebn\u00eb i lir\u00eb q\u00eb t\u00eb shes\u00eb, apartamente, prona q\u00eb ka disponuar \u20185D\u2019 dje sot tre muaj e gjys\u00ebm m\u00eb pas, p\u00ebrfundon aty me nj\u00eb garazh, dy apartamente, patjet\u00ebr q\u00eb nuk kan\u00eb ku shkojn\u00eb tek ai hoteli n\u00eb Durr\u00ebs, ku \u00ebsht\u00eb aksioner dhe Lali Eri si\u00e7 e thot\u00eb punonj\u00ebsja, Jona Bejko, do t\u00eb sekuestronin 24% e Redi Moll\u00ebs.<\/p>\n<p>\u00cbsht\u00eb sekuestruar hoteli q\u00eb ka tek Pazari i ri n\u00eb em\u00ebr t\u00eb dy prind\u00ebrve pensionist\u00eb me vler\u00eb disa milion\u00eb euro dhe nuk duhej t\u00eb priste SPAK se \u00e7far\u00eb denoncimesh q\u00eb po b\u00ebn PD, Akili, Belindi apo t\u00eb tjer\u00eb.<\/p>\n<p>Jan\u00eb 60 hetues n\u00eb SPAK.<\/p>\n<p>Gjat\u00eb koh\u00ebs q\u00eb un\u00eb e kam denoncuar punonte normalisht nuk kishte ndaluar asgj\u00eb. Edhe n\u00eb hotelin n\u00eb Durr\u00ebs, ku \u00ebsht\u00eb sekuestruar 24 %, ka vijuar puna normalisht se kan\u00eb marr\u00eb edhe statusin e investitorit strategjik k\u00ebta, nga Mirela Kumbaro n\u00eb 2021.<\/p>\n<p>Jan\u00eb p\u00ebrjashtuar edhe nga taksat pronar\u00ebt faktit t\u00eb k\u00ebtij hoteli, q\u00eb n\u00eb fak jan\u00eb prestanome.<\/p>\n<p>K\u00ebta u lejuan t\u00eb vidhnin me \u20185D\u2019 p\u00ebr 7 vite me radh\u00eb. Vodh\u00ebn 100% fondet publike. Pastaj nd\u00ebrtuan \u20185D\u2019 kan\u00eb nd\u00ebrtuar pallate, Erion Veliaj u ka dh\u00ebn\u00eb 3 leje. Dhe pasi shit\u00ebn pallatet u vu n\u00eb sekuestro nj\u00eb sasi shum\u00eb e vog\u00ebl e aseteve q\u00eb kan\u00eb dhe pjesa tjet\u00ebr ka avulluar\u201c, tha Belind K\u00eblli\u00e7i.<\/p>\n","protected":false},"excerpt":{"rendered":"<p>An\u00ebtari i Kryesis\u00eb s\u00eb PD, Belind K\u00eblli\u00e7i ka se SPAK u ka dh\u00ebn\u00eb mund\u00ebsi t\u00eb akuzuarve t\u00eb skandalit \u20185D\u2019 q\u00eb t\u00eb sheshin asetet e tyre dhe n\u00eb fund Prokuroria e Posa\u00e7me sekuestroi vet\u00ebm nj\u00eb garazh dhe dy apartamente. Gjat\u00eb bised\u00ebs n\u00eb \u2018Task Force\u2019 me Sonila Me\u00e7on n\u00eb SYRI TV, K\u00eblli\u00e7i deklaroi se, SPAK ka hetuar &hellip;<\/p>\n","protected":false},"author":4,"featured_media":83956,"comment_status":"closed","ping_status":"closed","sticky":false,"template":"","format":"standard","meta":{"footnotes":""},"categories":[37],"tags":[],"class_list":["post-83955","post","type-post","status-publish","format-standard","has-post-thumbnail","","category-politike"],"_links":{"self":[{"href":"https:\/\/rdnews.al\/index.php\/wp-json\/wp\/v2\/posts\/83955","targetHints":{"allow":["GET"]}}],"collection":[{"href":"https:\/\/rdnews.al\/index.php\/wp-json\/wp\/v2\/posts"}],"about":[{"href":"https:\/\/rdnews.al\/index.php\/wp-json\/wp\/v2\/types\/post"}],"author":[{"embeddable":true,"href":"https:\/\/rdnews.al\/index.php\/wp-json\/wp\/v2\/users\/4"}],"replies":[{"embeddable":true,"href":"https:\/\/rdnews.al\/index.php\/wp-json\/wp\/v2\/comments?post=83955"}],"version-history":[{"count":0,"href":"https:\/\/rdnews.al\/index.php\/wp-json\/wp\/v2\/posts\/83955\/revisions"}],"wp:featuredmedia":[{"embeddable":true,"href":"https:\/\/rdnews.al\/index.php\/wp-json\/wp\/v2\/media\/83956"}],"wp:attachment":[{"href":"https:\/\/rdnews.al\/index.php\/wp-json\/wp\/v2\/media?parent=83955"}],"wp:term":[{"taxonomy":"category","embeddable":true,"href":"https:\/\/rdnews.al\/index.php\/wp-json\/wp\/v2\/categories?post=83955"},{"taxonomy":"post_tag","embeddable":true,"href":"https:\/\/rdnews.al\/index.php\/wp-json\/wp\/v2\/tags?post=83955"}],"curies":[{"name":"wp","href":"https:\/\/api.w.org\/{rel}","templated":true}]}}