{"id":83961,"date":"2024-07-09T16:29:31","date_gmt":"2024-07-09T16:29:31","guid":{"rendered":"https:\/\/rdnews.al\/?p=83961"},"modified":"2024-07-09T16:29:31","modified_gmt":"2024-07-09T16:29:31","slug":"zgjedhjet-ne-himare-debate-ne-kqz-dekreti-i-begajt-i-pavlefshem-data-ishte-e-paracaktuar","status":"publish","type":"post","link":"https:\/\/rdnews.al\/index.php\/2024\/07\/09\/zgjedhjet-ne-himare-debate-ne-kqz-dekreti-i-begajt-i-pavlefshem-data-ishte-e-paracaktuar\/","title":{"rendered":"Zgjedhjet n\u00eb Himar\u00eb\/ Debate n\u00eb KQZ: Dekreti i Begajt i pavlefsh\u00ebm, data ishte e paracaktuar"},"content":{"rendered":"<p>Komisioni Rregullator i KQZ-s\u00eb \u00ebsht\u00eb mbledhur k\u00ebt\u00eb t\u00eb mart\u00eb p\u00ebr t\u00eb miratuar projekt-vendimin p\u00ebr afatet e zgjedhjeve t\u00eb 4 Gushtit p\u00ebr Bashkin\u00eb e Himar\u00ebs, ku \u00ebsht\u00eb planifikuar vet\u00ebm 9 dit\u00eb fushat\u00eb p\u00ebr kandidat\u00ebt.<\/p>\n<p>Por, mbledhja \u00ebsht\u00eb shoq\u00ebruar me debate n\u00eb lidhje me dekretin e Presidentit t\u00eb Republik\u00ebs, Bajram Begaj, i cili nuk priti afatin prej 30 dit\u00ebsh q\u00eb Fredi Beleri ka p\u00ebr t\u00eb ankimuar vendimin e KQZ-s\u00eb n\u00eb KAS, p\u00ebr heqjen e mandatit, p\u00ebrpara se t\u00eb dekretohej data p\u00ebr zgjedhjet e reja n\u00eb Himar\u00eb, teksa dekreti i kreut t\u00eb shtetit \u00ebsht\u00eb ankimuar nga Beleri edhe n\u00eb Gjykat\u00ebn Administrative.<\/p>\n<p>An\u00ebtari i Komisionit Rregullator Muharrem \u00c7akaj tha gjat\u00eb mbledhjes se vendimmarrja e KQZ p\u00ebr heqjen e mandatit t\u00eb Fredi Belerit \u00ebsht\u00eb e pavlefshme dhe sipas tij, po ashtu edhe dekreti i Begajt. Ai tha se kemi nj\u00eb vendimmarrje me nj\u00eb shpejt\u00ebsi t\u00eb rrufeshme nga t\u00eb[ gjith\u00eb institucionet dhe sipas tij, data ishte e paracaktuar.<\/p>\n<p>\u201cLidhur me aktin q\u00eb \u00ebsht\u00eb sjell para komisionit rregullator p\u00ebr zgjedhjet e pjesshme t\u00eb Himar\u00ebs q\u00eb zhvillohen m\u00eb dat\u00eb 4 gusht, si\u00e7 e theksova dhe m\u00eb par\u00eb dhe pasi ma konfirmoi sekretarja e KQZ, m\u00eb rezulton q\u00eb akti iniciues q\u00eb ka \u00e7elur siparin e k\u00ebrkes\u00ebs s\u00eb K\u00ebshillit t\u00eb Ministrave dhe dekretit t\u00eb Presidentit t\u00eb jet\u00eb marr\u00eb n\u00eb munges\u00eb t\u00eb kompetenc\u00ebs p\u00ebr t\u00eb shqyrtuar pavlefshm\u00ebrin\u00eb e mandatit p\u00ebr nj\u00eb kandidat. Baza ligjore e p\u00ebrdorur nga KQZ \u00ebsht\u00eb ligji p\u00ebr dekriminalizimin, nd\u00ebrkoh\u00eb q\u00eb ligji p\u00ebr dekriminalzimin b\u00ebn fjal\u00eb p\u00ebr ngjarje dhe situata juridike q\u00eb do duhet t\u00eb ken\u00eb ndodhur para kandidimit dhe kandidati p\u00ebr bashkin\u00eb e Himar\u00ebs ose si ka b\u00ebr\u00eb t\u00eb ditura, ose ka qen\u00eb n\u00eb kushtet e ndalimit. Vendimmarrja \u00ebsht\u00eb e pavlefshme. Akti q\u00eb ka iniciuar k\u00ebt\u00eb proces \u00ebsht\u00eb i pavlefsh\u00ebm. Pavar\u00ebsisht k\u00ebsaj, edhe n\u00eb hipotez\u00ebn se ky akt do vler\u00ebsohet nga gjykatat, n\u00eb pik\u00ebn 3 t\u00eb k\u00ebtij akti ne kemi t\u00eb parashikuar q\u00eb mund t\u00eb b\u00ebhen ankim n\u00eb KAS. Po dit\u00ebn q\u00eb \u00ebsht\u00eb marr\u00eb vendimi i KQZ, kemi nj\u00eb vendimmarrje me nj\u00eb shpejt\u00ebsi t\u00eb rrufeshme gjith\u00eb institucionet kan\u00eb caktuar dat\u00ebn, q\u00eb ishte e paracaktuar, dat\u00ebn 4 gushte p\u00ebr zhvillimin e zgjedhjeve n\u00eb Himar\u00eb. Akti \u00ebsht\u00eb i pavlefsh\u00ebm dhe gjith\u00eb pasojat nuk q\u00ebndrojn\u00eb. Nuk \u00ebsht\u00eb respektuar afati 30 ditor. Duhet t\u00eb presim vendimin e Gjykat\u00ebs para se t\u00eb miratojm\u00eb k\u00ebt\u00eb akt\u201d,\u00a0tha \u00c7akaj.<\/p>\n","protected":false},"excerpt":{"rendered":"<p>Komisioni Rregullator i KQZ-s\u00eb \u00ebsht\u00eb mbledhur k\u00ebt\u00eb t\u00eb mart\u00eb p\u00ebr t\u00eb miratuar projekt-vendimin p\u00ebr afatet e zgjedhjeve t\u00eb 4 Gushtit p\u00ebr Bashkin\u00eb e Himar\u00ebs, ku \u00ebsht\u00eb planifikuar vet\u00ebm 9 dit\u00eb fushat\u00eb p\u00ebr kandidat\u00ebt. Por, mbledhja \u00ebsht\u00eb shoq\u00ebruar me debate n\u00eb lidhje me dekretin e Presidentit t\u00eb Republik\u00ebs, Bajram Begaj, i cili nuk priti afatin prej &hellip;<\/p>\n","protected":false},"author":4,"featured_media":83962,"comment_status":"closed","ping_status":"closed","sticky":false,"template":"","format":"standard","meta":{"footnotes":""},"categories":[37],"tags":[],"class_list":["post-83961","post","type-post","status-publish","format-standard","has-post-thumbnail","","category-politike"],"_links":{"self":[{"href":"https:\/\/rdnews.al\/index.php\/wp-json\/wp\/v2\/posts\/83961","targetHints":{"allow":["GET"]}}],"collection":[{"href":"https:\/\/rdnews.al\/index.php\/wp-json\/wp\/v2\/posts"}],"about":[{"href":"https:\/\/rdnews.al\/index.php\/wp-json\/wp\/v2\/types\/post"}],"author":[{"embeddable":true,"href":"https:\/\/rdnews.al\/index.php\/wp-json\/wp\/v2\/users\/4"}],"replies":[{"embeddable":true,"href":"https:\/\/rdnews.al\/index.php\/wp-json\/wp\/v2\/comments?post=83961"}],"version-history":[{"count":0,"href":"https:\/\/rdnews.al\/index.php\/wp-json\/wp\/v2\/posts\/83961\/revisions"}],"wp:featuredmedia":[{"embeddable":true,"href":"https:\/\/rdnews.al\/index.php\/wp-json\/wp\/v2\/media\/83962"}],"wp:attachment":[{"href":"https:\/\/rdnews.al\/index.php\/wp-json\/wp\/v2\/media?parent=83961"}],"wp:term":[{"taxonomy":"category","embeddable":true,"href":"https:\/\/rdnews.al\/index.php\/wp-json\/wp\/v2\/categories?post=83961"},{"taxonomy":"post_tag","embeddable":true,"href":"https:\/\/rdnews.al\/index.php\/wp-json\/wp\/v2\/tags?post=83961"}],"curies":[{"name":"wp","href":"https:\/\/api.w.org\/{rel}","templated":true}]}}