{"id":84005,"date":"2024-07-10T08:20:08","date_gmt":"2024-07-10T08:20:08","guid":{"rendered":"https:\/\/rdnews.al\/?p=84005"},"modified":"2024-07-10T08:20:08","modified_gmt":"2024-07-10T08:20:08","slug":"eksperti-ne-shqiperi-po-krijohet-nje-familje-mafioze-ka-fuqine-te-komandoje-edhe-shtetin","status":"publish","type":"post","link":"https:\/\/rdnews.al\/index.php\/2024\/07\/10\/eksperti-ne-shqiperi-po-krijohet-nje-familje-mafioze-ka-fuqine-te-komandoje-edhe-shtetin\/","title":{"rendered":"Eksperti: N\u00eb Shqip\u00ebri po krijohet nj\u00eb familje mafioze, ka fuqin\u00eb t\u00eb komandoj\u00eb edhe shtetin"},"content":{"rendered":"<p>&#8220;N\u00eb Shqip\u00ebri ka tendenc\u00eb t\u00eb krijohet nj\u00eb familje mafioze&#8221;, u shpreh profesori i kriminalistik\u00ebs, Ervin Karamu\u00e7o.<\/p>\n<p>Karamu\u00e7o solli shembullin e mafias n\u00eb vendet fqinje, por tha se n\u00eb Shqip\u00ebri jan\u00eb ende grupe kriminale t\u00eb strukturuara. Ai shtoi se familja mafioze ka fuqin\u00eb t\u00eb komandoj\u00eb edhe shtetin.<\/p>\n<p>\u201cKa nj\u00eb tendenc\u00eb q\u00eb e kemi ndar\u00eb n\u00eb disa diskutime lidhur me krijimin e nj\u00eb familjeje mafioze t\u00eb mir\u00ebfillt\u00eb. A ekzistojn\u00eb kushtet, po! Jan\u00eb k\u00ebto goditje fal\u00eb SKY dhe Encrochat t\u00eb cilat atrofizojn\u00eb mund\u00ebsin\u00eb q\u00eb t\u00eb avancojn\u00eb dhe t\u00eb jen\u00eb nj\u00eb luft\u00eb p\u00ebr autoritet tona q\u00eb do ndihen t\u00eb pafuqishme.<\/p>\n<p>Ka tendenca, sidomos n\u00eb Shqip\u00ebrin\u00eb e mesme dhe n\u00eb Veri qe mund t\u00eb \u00e7ojn\u00eb q\u00eb form\u00ebn e bashkimit t\u00eb strukturave t\u00eb caktuara ne na ngjajn\u00eb si sindikata. B\u00ebhen bashk\u00eb por jo t\u00eb ken\u00eb krijuar nj\u00eb komision t\u00eb mir\u00ebfillt\u00eb nga ato q\u00eb njohim ne q\u00eb nga Silcilia, Ndragheta e k\u00ebshtu me radh\u00eb.<\/p>\n<p>Ne biem dakord me nj\u00eb gj\u00eb, jo n\u00eb kuptimin e elementeve te tradit\u00ebs mafioze, por kemi tendenc\u00ebn q\u00eb disa nga k\u00ebto organizata t\u00eb bashkuara mund t\u00eb komandojn\u00eb shtetin. Ata na thon\u00eb mafia shqiptare, por aktualisht jan\u00eb organizata kriminale por q\u00eb mund t\u00eb kthehen n\u00eb familje mafioze\u201d, u shpreh Karamu\u00e7o per Top Channel.<\/p>\n","protected":false},"excerpt":{"rendered":"<p>&#8220;N\u00eb Shqip\u00ebri ka tendenc\u00eb t\u00eb krijohet nj\u00eb familje mafioze&#8221;, u shpreh profesori i kriminalistik\u00ebs, Ervin Karamu\u00e7o. Karamu\u00e7o solli shembullin e mafias n\u00eb vendet fqinje, por tha se n\u00eb Shqip\u00ebri jan\u00eb ende grupe kriminale t\u00eb strukturuara. Ai shtoi se familja mafioze ka fuqin\u00eb t\u00eb komandoj\u00eb edhe shtetin. \u201cKa nj\u00eb tendenc\u00eb q\u00eb e kemi ndar\u00eb n\u00eb disa &hellip;<\/p>\n","protected":false},"author":4,"featured_media":65523,"comment_status":"closed","ping_status":"closed","sticky":false,"template":"","format":"standard","meta":{"footnotes":""},"categories":[37],"tags":[],"class_list":["post-84005","post","type-post","status-publish","format-standard","has-post-thumbnail","","category-politike"],"_links":{"self":[{"href":"https:\/\/rdnews.al\/index.php\/wp-json\/wp\/v2\/posts\/84005","targetHints":{"allow":["GET"]}}],"collection":[{"href":"https:\/\/rdnews.al\/index.php\/wp-json\/wp\/v2\/posts"}],"about":[{"href":"https:\/\/rdnews.al\/index.php\/wp-json\/wp\/v2\/types\/post"}],"author":[{"embeddable":true,"href":"https:\/\/rdnews.al\/index.php\/wp-json\/wp\/v2\/users\/4"}],"replies":[{"embeddable":true,"href":"https:\/\/rdnews.al\/index.php\/wp-json\/wp\/v2\/comments?post=84005"}],"version-history":[{"count":0,"href":"https:\/\/rdnews.al\/index.php\/wp-json\/wp\/v2\/posts\/84005\/revisions"}],"wp:featuredmedia":[{"embeddable":true,"href":"https:\/\/rdnews.al\/index.php\/wp-json\/wp\/v2\/media\/65523"}],"wp:attachment":[{"href":"https:\/\/rdnews.al\/index.php\/wp-json\/wp\/v2\/media?parent=84005"}],"wp:term":[{"taxonomy":"category","embeddable":true,"href":"https:\/\/rdnews.al\/index.php\/wp-json\/wp\/v2\/categories?post=84005"},{"taxonomy":"post_tag","embeddable":true,"href":"https:\/\/rdnews.al\/index.php\/wp-json\/wp\/v2\/tags?post=84005"}],"curies":[{"name":"wp","href":"https:\/\/api.w.org\/{rel}","templated":true}]}}