{"id":84041,"date":"2024-07-10T10:01:01","date_gmt":"2024-07-10T10:01:01","guid":{"rendered":"https:\/\/rdnews.al\/?p=84041"},"modified":"2024-07-10T10:01:01","modified_gmt":"2024-07-10T10:01:01","slug":"drejtuesi-i-grupimit-dhjetor-90-kohet-kane-ndryshuar-ne-duhet-ta-marrim-serish-ne-dore-fatin-e-vendit","status":"publish","type":"post","link":"https:\/\/rdnews.al\/index.php\/2024\/07\/10\/drejtuesi-i-grupimit-dhjetor-90-kohet-kane-ndryshuar-ne-duhet-ta-marrim-serish-ne-dore-fatin-e-vendit\/","title":{"rendered":"Drejtuesi i Grupimit Dhjetor \u201990: Koh\u00ebt kan\u00eb ndryshuar, ne duhet ta marrim s\u00ebrish n\u00eb dor\u00eb fatin e vendit!"},"content":{"rendered":"<p>Drejtuesi i Grupimit Dhjetor \u201990, Ajet Ram\u00e7aj me an\u00eb t\u00eb nj\u00eb deklarate nga selia e Partis\u00eb Demokratike, u ka b\u00ebr\u00eb thirrje qytetar\u00ebve q\u00eb t\u00eb mblidhen dhe t\u00eb dalin n\u00eb protest\u00eb nes\u00ebr n\u00eb 11:00 korrik, ora 20:00.<\/p>\n<p>Ram\u00e7aj u shpreh se, ka ardhur koha q\u00eb shqiptar\u00ebt t\u00eb marrin s\u00ebrish n\u00eb dor\u00eb, fatin e vendit.<\/p>\n<p><strong>Deklarata p\u00ebr mediat e Ajet Ram\u00e7aj, drejtues i Grupimit Dhjetor \u201990<\/strong><\/p>\n<p>Ne, student\u00ebt e Dhjetorit 1990, u ngrit\u00ebm n\u00eb revolt\u00eb ndaj regjimit m\u00eb t\u00eb eg\u00ebr komunist n\u00eb Europ\u00ebn Lindore.<\/p>\n<p>Ishim shum\u00eb pak, rreth 20 mij\u00eb persona, as 1% e popullsis\u00eb s\u00eb asaj kohe, kund\u00ebr regjimit diktatorial t\u00eb Enver Hoxh\u00ebs.<\/p>\n<p>N\u00eb grev\u00ebn e Uris\u00eb s\u00eb 18-20 shkurtit t\u00eb vitit 1991 ishim rreth 720 vet\u00eb.<\/p>\n<p>Sot koh\u00ebt kan\u00eb ndryshuar.<\/p>\n<p>Jetojm\u00eb n\u00eb nj\u00eb demokraci fiktive, krejt e kund\u00ebrta e asaj p\u00ebr t\u00eb cil\u00ebn u ngrit\u00ebm para 34 vjet\u00ebsh.<\/p>\n<p>Mbi 1 milion shqiptar\u00eb kan\u00eb braktisur vendin, n\u00eb eksodin m\u00eb t\u00eb madh t\u00eb k\u00ebsaj toke, q\u00eb nga r\u00ebnia e Kruj\u00ebs dhe vdekja e heroit komb\u00ebtar Gjergj Kastrioti- Sk\u00ebnderbeu.<\/p>\n<p>Sot, pas 34 vitesh, student\u00ebt e Dhjetorit \u201990, por edhe ata t\u00eb t\u00eb gjith\u00eb dhjetor\u00ebve pas tij, q\u00eb kan\u00eb mbetur k\u00ebtu apo kan\u00eb ikur jasht\u00eb, po b\u00ebhen d\u00ebshmitar\u00eb t\u00eb instalimit t\u00eb nj\u00eb regjimi t\u00eb dyt\u00eb autoritar: thelbi \u00ebsht\u00eb enverist, nd\u00ebrsa mbulesa demokratike.<\/p>\n<p>Sot, n\u00eb em\u00ebr t\u00eb student\u00ebve t\u00eb Dhjetorit \u201990, ju b\u00ebj thirrje t\u00eb gjith\u00eb student\u00ebve, t\u00eb gjith\u00eb q\u00ebndrestar\u00ebve, t\u00eb gjith\u00eb atyre q\u00eb besuan at\u00ebher\u00eb, e besojn\u00eb tani, te nj\u00eb Shqip\u00ebri m\u00eb e mir\u00eb, merrni pjes\u00eb n\u00eb protest\u00ebn e opozit\u00ebs s\u00eb bashkuar m\u00eb 11 korrik, ora 20:00.<\/p>\n<p>Parulla jon\u00eb at\u00ebher\u00eb ishte: E duam Shqip\u00ebrin\u00eb si gjith\u00eb Europa. Koh\u00ebt kan\u00eb ndryshuar dhe ne duhet ta marrim s\u00ebrish n\u00eb dor\u00eb fatin e vendit: Ta b\u00ebjm\u00eb Shqip\u00ebrin\u00eb si gjith\u00eb Europa!<\/p>\n<p>M\u00eb 11 korrik ora 20:00, t\u00eb gjith\u00eb n\u00eb shesh!<\/p>\n<p>O sot o kurr\u00eb!<\/p>\n","protected":false},"excerpt":{"rendered":"<p>Drejtuesi i Grupimit Dhjetor \u201990, Ajet Ram\u00e7aj me an\u00eb t\u00eb nj\u00eb deklarate nga selia e Partis\u00eb Demokratike, u ka b\u00ebr\u00eb thirrje qytetar\u00ebve q\u00eb t\u00eb mblidhen dhe t\u00eb dalin n\u00eb protest\u00eb nes\u00ebr n\u00eb 11:00 korrik, ora 20:00. Ram\u00e7aj u shpreh se, ka ardhur koha q\u00eb shqiptar\u00ebt t\u00eb marrin s\u00ebrish n\u00eb dor\u00eb, fatin e vendit. Deklarata p\u00ebr &hellip;<\/p>\n","protected":false},"author":4,"featured_media":0,"comment_status":"closed","ping_status":"closed","sticky":false,"template":"","format":"standard","meta":{"footnotes":""},"categories":[37],"tags":[],"class_list":["post-84041","post","type-post","status-publish","format-standard","","category-politike"],"_links":{"self":[{"href":"https:\/\/rdnews.al\/index.php\/wp-json\/wp\/v2\/posts\/84041","targetHints":{"allow":["GET"]}}],"collection":[{"href":"https:\/\/rdnews.al\/index.php\/wp-json\/wp\/v2\/posts"}],"about":[{"href":"https:\/\/rdnews.al\/index.php\/wp-json\/wp\/v2\/types\/post"}],"author":[{"embeddable":true,"href":"https:\/\/rdnews.al\/index.php\/wp-json\/wp\/v2\/users\/4"}],"replies":[{"embeddable":true,"href":"https:\/\/rdnews.al\/index.php\/wp-json\/wp\/v2\/comments?post=84041"}],"version-history":[{"count":0,"href":"https:\/\/rdnews.al\/index.php\/wp-json\/wp\/v2\/posts\/84041\/revisions"}],"wp:attachment":[{"href":"https:\/\/rdnews.al\/index.php\/wp-json\/wp\/v2\/media?parent=84041"}],"wp:term":[{"taxonomy":"category","embeddable":true,"href":"https:\/\/rdnews.al\/index.php\/wp-json\/wp\/v2\/categories?post=84041"},{"taxonomy":"post_tag","embeddable":true,"href":"https:\/\/rdnews.al\/index.php\/wp-json\/wp\/v2\/tags?post=84041"}],"curies":[{"name":"wp","href":"https:\/\/api.w.org\/{rel}","templated":true}]}}