{"id":84044,"date":"2024-07-10T10:11:14","date_gmt":"2024-07-10T10:11:14","guid":{"rendered":"https:\/\/rdnews.al\/?p=84044"},"modified":"2024-07-10T11:29:47","modified_gmt":"2024-07-10T11:29:47","slug":"foto-hane-dhe-pine-bashke-ky-eshte-agjenti-qe-mori-ne-pyetje-kryebashkiakun-e-ps","status":"publish","type":"post","link":"https:\/\/rdnews.al\/index.php\/2024\/07\/10\/foto-hane-dhe-pine-bashke-ky-eshte-agjenti-qe-mori-ne-pyetje-kryebashkiakun-e-ps\/","title":{"rendered":"Foto\/ Han\u00eb dhe pijn\u00eb bashk\u00eb! Ky \u00ebsht\u00eb agjenti q\u00eb mori n\u00eb pyetje kryebashkiakun e PS"},"content":{"rendered":"<div id=\"rekl-49\">Kryebashkiaku i Lezh\u00ebs, Pjerin Ndreu \u00ebsht\u00eb v\u00ebn\u00eb n\u00ebn hetim p\u00ebr shp\u00ebrdorim detyre nga Struktura e Posa\u00e7me. Deri m\u00eb tani dihet se akuza ka lidhje me nj\u00eb rrug\u00eb t\u00eb nd\u00ebrtuar n\u00eb Lezh\u00eb.<\/div>\n<div class=\"readmore-text-here\">\n<p>N\u00ebse Ndreu do t\u00eb merret i pandehur, mund t\u00eb vihet n\u00eb pik\u00ebpyetje edhe mandati si kryetar bashkie i Lezh\u00ebs.<\/p>\n<div id=\"rekl-13\"><\/div>\n<p>Pjerin Ndreu zgjeron list\u00ebn e zyrtar\u00ebve t\u00eb lart\u00eb t\u00eb hetuar p\u00ebr korrupsion. N\u00ebn hetim jan\u00eb edhe zyrtar\u00eb t\u00eb Bashkis\u00eb s\u00eb Lezh\u00ebs, q\u00eb jan\u00eb marr\u00eb me tenderin p\u00ebr nd\u00ebrtimin e rrug\u00ebs.<\/p>\n<p>Por agjenti q\u00eb do e marr\u00eb n\u00eb pyetje Ndreun \u00ebsht\u00eb nj\u00eb mik i ngusht\u00eb i kryebashkiakut, si\u00e7 shihet nga kjo foto e siguruar nga SYRI.<\/p>\n<p>B\u00ebhet fjal\u00eb p\u00ebr agjentin Erion Tema, q\u00eb m\u00eb par\u00eb ka sh\u00ebrbyer si drejtor sigurie n\u00eb Autoritetin e Aviacionit Civil.<\/p>\n<p>N\u00eb foto shihet ai duke drekuar bashk\u00eb me Pjerin Ndreun n\u00ebn avujt e alkoolit.<\/p>\n<p>Tema ka miq\u00ebsi edhe me t\u00eb tjer\u00eb zyrtar\u00eb dhe drejtues socialist\u00eb.<\/p>\n<p><img decoding=\"async\" src=\"https:\/\/www.syri.net\/uploads\/syri.net\/images\/2024\/July\/10\/auto_pjerin21720604948.jfif\" alt=\"Image\" \/><\/p>\n<p>&nbsp;<\/p>\n<\/div>\n","protected":false},"excerpt":{"rendered":"<p>Kryebashkiaku i Lezh\u00ebs, Pjerin Ndreu \u00ebsht\u00eb v\u00ebn\u00eb n\u00ebn hetim p\u00ebr shp\u00ebrdorim detyre nga Struktura e Posa\u00e7me. Deri m\u00eb tani dihet se akuza ka lidhje me nj\u00eb rrug\u00eb t\u00eb nd\u00ebrtuar n\u00eb Lezh\u00eb. N\u00ebse Ndreu do t\u00eb merret i pandehur, mund t\u00eb vihet n\u00eb pik\u00ebpyetje edhe mandati si kryetar bashkie i Lezh\u00ebs. Pjerin Ndreu zgjeron list\u00ebn e &hellip;<\/p>\n","protected":false},"author":4,"featured_media":84045,"comment_status":"closed","ping_status":"closed","sticky":false,"template":"","format":"standard","meta":{"footnotes":""},"categories":[40],"tags":[],"class_list":["post-84044","post","type-post","status-publish","format-standard","has-post-thumbnail","","category-aktualitet"],"_links":{"self":[{"href":"https:\/\/rdnews.al\/index.php\/wp-json\/wp\/v2\/posts\/84044","targetHints":{"allow":["GET"]}}],"collection":[{"href":"https:\/\/rdnews.al\/index.php\/wp-json\/wp\/v2\/posts"}],"about":[{"href":"https:\/\/rdnews.al\/index.php\/wp-json\/wp\/v2\/types\/post"}],"author":[{"embeddable":true,"href":"https:\/\/rdnews.al\/index.php\/wp-json\/wp\/v2\/users\/4"}],"replies":[{"embeddable":true,"href":"https:\/\/rdnews.al\/index.php\/wp-json\/wp\/v2\/comments?post=84044"}],"version-history":[{"count":0,"href":"https:\/\/rdnews.al\/index.php\/wp-json\/wp\/v2\/posts\/84044\/revisions"}],"wp:featuredmedia":[{"embeddable":true,"href":"https:\/\/rdnews.al\/index.php\/wp-json\/wp\/v2\/media\/84045"}],"wp:attachment":[{"href":"https:\/\/rdnews.al\/index.php\/wp-json\/wp\/v2\/media?parent=84044"}],"wp:term":[{"taxonomy":"category","embeddable":true,"href":"https:\/\/rdnews.al\/index.php\/wp-json\/wp\/v2\/categories?post=84044"},{"taxonomy":"post_tag","embeddable":true,"href":"https:\/\/rdnews.al\/index.php\/wp-json\/wp\/v2\/tags?post=84044"}],"curies":[{"name":"wp","href":"https:\/\/api.w.org\/{rel}","templated":true}]}}