{"id":84128,"date":"2024-07-11T08:24:11","date_gmt":"2024-07-11T08:24:11","guid":{"rendered":"https:\/\/rdnews.al\/?p=84128"},"modified":"2024-07-11T08:24:11","modified_gmt":"2024-07-11T08:24:11","slug":"eshte-koha-qe-anglia-te-behet-kampione-e-evropes","status":"publish","type":"post","link":"https:\/\/rdnews.al\/index.php\/2024\/07\/11\/eshte-koha-qe-anglia-te-behet-kampione-e-evropes\/","title":{"rendered":"\u00cbsht\u00eb koha q\u00eb Anglia t\u00eb b\u00ebhet kampione e Evrop\u00ebs!"},"content":{"rendered":"<p>Dimitar Berbatov ishte i ftuar special n\u00eb emisionin sportiv t\u00eb Darik live. Berbatov komentoi temat shum\u00eb aktuale lidhur me futbollin nd\u00ebrkomb\u00ebtar, me theks t\u00eb ve\u00e7ant\u00eb edhe n\u00eb ndeshjet nga Euro 2024!<\/p>\n<p>\u201cSi nj\u00eb tifoz i Anglis\u00eb, un\u00eb po i kryq\u00ebzoj gishtat, shpresoj t\u00eb arrij deri n\u00eb fund. Nuk mund t\u00eb them se i kam par\u00eb t\u00eb gjitha ndeshjet, por mund t\u00eb them se jam i m\u00ebrzitur. Ka ndezje me disa gola \u2013 si goli i Yamal, si goli i Bellinghamit, por n\u00eb turne si ky e di q\u00eb \u00ebsht\u00eb e r\u00ebnd\u00ebsishme t\u00eb arrish n\u00eb q\u00ebllimin e fundit, q\u00eb \u00ebsht\u00eb finalja, dhe n\u00ebse mund ta ngrini trofeun, do t\u00eb jet\u00eb mir\u00eb\u201d, tha Dimitar Berbatov.<\/p>\n<p>\u201cKa shum\u00eb kritika nga prezantuesit, gazetar\u00ebt, nga kombi ndaj Gareth Southgate. Kjo sepse ata duan t\u00eb shohin futboll t\u00eb mir\u00eb dhe n\u00eb t\u00eb nj\u00ebjt\u00ebn koh\u00eb do t\u2019i \u00e7oj\u00eb n\u00eb finale dhe do ta fitojn\u00eb at\u00eb. Futbolli ndonj\u00ebher\u00eb \u00ebsht\u00eb mizor dhe i padrejt\u00eb. Anglez\u00ebt duhet t\u00eb jen\u00eb t\u00eb k\u00ebnaqur me at\u00eb q\u00eb po ndodh me ta\u201d, shtoi ai.<\/p>\n<p>\u201cTani futbolli \u00ebsht\u00eb shum\u00eb m\u00eb komercial, i orientuar drejt biznesit. Ai gjeneron t\u00eb ardhura t\u00eb m\u00ebdha, fitime dhe do t\u00eb b\u00ebhet gjithnj\u00eb e m\u00eb shum\u00eb p\u00ebr mendimin tim. Nuk mund t\u00eb them se jam plot\u00ebsisht dakord me mendimin e Bielsa, por duhet t\u00eb p\u00ebrshtatemi\u201d, tha Berbatov.<\/p>\n<p>\u201cMendoj se \u00ebsht\u00eb koha q\u00eb Anglia t\u00eb b\u00ebhet kampione evropiane. Kam nj\u00eb ndjenj\u00eb p\u00ebr ta, kam luajtur atje, ndaj dua q\u00eb ata t\u00eb b\u00ebhen kampion\u00eb evropian\u00eb\u201d, ka komentuar ai.<\/p>\n","protected":false},"excerpt":{"rendered":"<p>Dimitar Berbatov ishte i ftuar special n\u00eb emisionin sportiv t\u00eb Darik live. Berbatov komentoi temat shum\u00eb aktuale lidhur me futbollin nd\u00ebrkomb\u00ebtar, me theks t\u00eb ve\u00e7ant\u00eb edhe n\u00eb ndeshjet nga Euro 2024! \u201cSi nj\u00eb tifoz i Anglis\u00eb, un\u00eb po i kryq\u00ebzoj gishtat, shpresoj t\u00eb arrij deri n\u00eb fund. Nuk mund t\u00eb them se i kam par\u00eb &hellip;<\/p>\n","protected":false},"author":4,"featured_media":84108,"comment_status":"closed","ping_status":"closed","sticky":false,"template":"","format":"standard","meta":{"footnotes":""},"categories":[39],"tags":[],"class_list":["post-84128","post","type-post","status-publish","format-standard","has-post-thumbnail","","category-sport"],"_links":{"self":[{"href":"https:\/\/rdnews.al\/index.php\/wp-json\/wp\/v2\/posts\/84128","targetHints":{"allow":["GET"]}}],"collection":[{"href":"https:\/\/rdnews.al\/index.php\/wp-json\/wp\/v2\/posts"}],"about":[{"href":"https:\/\/rdnews.al\/index.php\/wp-json\/wp\/v2\/types\/post"}],"author":[{"embeddable":true,"href":"https:\/\/rdnews.al\/index.php\/wp-json\/wp\/v2\/users\/4"}],"replies":[{"embeddable":true,"href":"https:\/\/rdnews.al\/index.php\/wp-json\/wp\/v2\/comments?post=84128"}],"version-history":[{"count":0,"href":"https:\/\/rdnews.al\/index.php\/wp-json\/wp\/v2\/posts\/84128\/revisions"}],"wp:featuredmedia":[{"embeddable":true,"href":"https:\/\/rdnews.al\/index.php\/wp-json\/wp\/v2\/media\/84108"}],"wp:attachment":[{"href":"https:\/\/rdnews.al\/index.php\/wp-json\/wp\/v2\/media?parent=84128"}],"wp:term":[{"taxonomy":"category","embeddable":true,"href":"https:\/\/rdnews.al\/index.php\/wp-json\/wp\/v2\/categories?post=84128"},{"taxonomy":"post_tag","embeddable":true,"href":"https:\/\/rdnews.al\/index.php\/wp-json\/wp\/v2\/tags?post=84128"}],"curies":[{"name":"wp","href":"https:\/\/api.w.org\/{rel}","templated":true}]}}