{"id":84279,"date":"2024-07-12T08:58:51","date_gmt":"2024-07-12T08:58:51","guid":{"rendered":"https:\/\/rdnews.al\/?p=84279"},"modified":"2024-07-12T08:58:51","modified_gmt":"2024-07-12T08:58:51","slug":"vjosa-osmani-hera-e-pare-qe-kosova-u-perfshi-ne-nje-samit-te-nato-s","status":"publish","type":"post","link":"https:\/\/rdnews.al\/index.php\/2024\/07\/12\/vjosa-osmani-hera-e-pare-qe-kosova-u-perfshi-ne-nje-samit-te-nato-s\/","title":{"rendered":"Vjosa Osmani: Hera e par\u00eb q\u00eb Kosova u p\u00ebrfshi n\u00eb nj\u00eb samit t\u00eb NATO-s"},"content":{"rendered":"<p>Presidentja e Kosov\u00ebs, Vjosa Osmani, me ftes\u00eb t\u00eb presidentit amerikan, Joe Biden, e p\u00ebrfaq\u00ebsoi Kosov\u00ebn n\u00eb aktivitetin p\u00ebrmbyll\u00ebs t\u00eb Samitit t\u00eb NATO-s q\u00eb u mbajt n\u00eb Uashington.<\/p>\n<p>E para e shtetit ka b\u00ebr\u00eb t\u00eb ditur se pati mund\u00ebsin\u00eb q\u00eb n\u00eb p\u00ebrfundim t\u00eb Samitit t\u00eb NATO-s t\u00eb flas me homologun e saj amerikan, Biden, teksa tha se pjes\u00ebmarrja n\u00eb k\u00ebt\u00eb aktivitet \u00ebsht\u00eb e nj\u00eb r\u00ebnd\u00ebsie t\u00eb ve\u00e7ant\u00eb p\u00ebr Kosov\u00ebn.<\/p>\n<p>\u201c\u00cbsht\u00eb hera e par\u00eb n\u00eb histori q\u00eb Kosova p\u00ebrfshihet n\u00eb nj\u00eb Samit t\u00eb aleanc\u00ebs s\u00eb shpres\u00ebs dhe p\u00ebr k\u00ebt\u00eb u jam mir\u00ebnjoh\u00ebse personalisht Presidentit Biden dhe SHBA-ve\u201d.<\/p>\n<p>\u201cN\u00eb p\u00ebrfundim t\u00eb Samitit, Presidentja Osmani ka biseduar me Presidentin Biden,\u00a0 t\u00eb cilin e ka fal\u00ebnderuar p\u00ebr kontributin dhe p\u00ebrkushtimin e tij ndaj Kosov\u00ebs, si dhe ka pasur mund\u00ebsi t\u00eb diskutoj\u00eb edhe me lider\u00eb t\u00eb tjer\u00eb nga disa shtete t\u00eb bot\u00ebs\u201d, thuhet n\u00eb njoftimin e presidenc\u00ebs.<\/p>\n<p>M\u00eb tej, Osmani tha se 25 vite m\u00eb par\u00eb, NATO e shp\u00ebtoi popullin e Kosov\u00ebs nga shfarosja, kurse 25 vite pas, \u00ebsht\u00eb nder\u00eb q\u00eb t\u2019i bashkoj\u00eb forcat me aleat\u00ebt n\u00eb mb\u00ebshtetje t\u00eb Ukrain\u00ebs, n\u00ebp\u00ebrmjet themelimit t\u00eb iniciativ\u00ebs \u201cCompact Ukrain\u00eb\u201d.<\/p>\n","protected":false},"excerpt":{"rendered":"<p>Presidentja e Kosov\u00ebs, Vjosa Osmani, me ftes\u00eb t\u00eb presidentit amerikan, Joe Biden, e p\u00ebrfaq\u00ebsoi Kosov\u00ebn n\u00eb aktivitetin p\u00ebrmbyll\u00ebs t\u00eb Samitit t\u00eb NATO-s q\u00eb u mbajt n\u00eb Uashington. E para e shtetit ka b\u00ebr\u00eb t\u00eb ditur se pati mund\u00ebsin\u00eb q\u00eb n\u00eb p\u00ebrfundim t\u00eb Samitit t\u00eb NATO-s t\u00eb flas me homologun e saj amerikan, Biden, teksa tha &hellip;<\/p>\n","protected":false},"author":4,"featured_media":84280,"comment_status":"closed","ping_status":"closed","sticky":false,"template":"","format":"standard","meta":{"footnotes":""},"categories":[38],"tags":[],"class_list":["post-84279","post","type-post","status-publish","format-standard","has-post-thumbnail","","category-bota"],"_links":{"self":[{"href":"https:\/\/rdnews.al\/index.php\/wp-json\/wp\/v2\/posts\/84279","targetHints":{"allow":["GET"]}}],"collection":[{"href":"https:\/\/rdnews.al\/index.php\/wp-json\/wp\/v2\/posts"}],"about":[{"href":"https:\/\/rdnews.al\/index.php\/wp-json\/wp\/v2\/types\/post"}],"author":[{"embeddable":true,"href":"https:\/\/rdnews.al\/index.php\/wp-json\/wp\/v2\/users\/4"}],"replies":[{"embeddable":true,"href":"https:\/\/rdnews.al\/index.php\/wp-json\/wp\/v2\/comments?post=84279"}],"version-history":[{"count":0,"href":"https:\/\/rdnews.al\/index.php\/wp-json\/wp\/v2\/posts\/84279\/revisions"}],"wp:featuredmedia":[{"embeddable":true,"href":"https:\/\/rdnews.al\/index.php\/wp-json\/wp\/v2\/media\/84280"}],"wp:attachment":[{"href":"https:\/\/rdnews.al\/index.php\/wp-json\/wp\/v2\/media?parent=84279"}],"wp:term":[{"taxonomy":"category","embeddable":true,"href":"https:\/\/rdnews.al\/index.php\/wp-json\/wp\/v2\/categories?post=84279"},{"taxonomy":"post_tag","embeddable":true,"href":"https:\/\/rdnews.al\/index.php\/wp-json\/wp\/v2\/tags?post=84279"}],"curies":[{"name":"wp","href":"https:\/\/api.w.org\/{rel}","templated":true}]}}