{"id":84411,"date":"2024-07-13T18:22:32","date_gmt":"2024-07-13T18:22:32","guid":{"rendered":"https:\/\/rdnews.al\/?p=84411"},"modified":"2024-07-13T18:22:32","modified_gmt":"2024-07-13T18:22:32","slug":"gjendja-ne-spitale-skandaloze-ngrihuni-per-te-drejtat-tuaja","status":"publish","type":"post","link":"https:\/\/rdnews.al\/index.php\/2024\/07\/13\/gjendja-ne-spitale-skandaloze-ngrihuni-per-te-drejtat-tuaja\/","title":{"rendered":"&#8220;Gjendja n\u00eb spitale skandaloze, ngrihuni p\u00ebr t\u00eb drejtat tuaja&#8221;!"},"content":{"rendered":"<p>Pjes\u00ebmarr\u00ebs\u00eb n\u00eb tubimin e sot\u00ebm posht\u00eb sht\u00ebpis\u00eb s\u00eb liderit demokrat Sali Berisha, ishte dhe qytetarja e cila vinte nga zona e Astirit, e cila shprehu pak\u00ebnaq\u00ebsin\u00eb e saj me sistemin sh\u00ebndet\u00ebsor n\u00eb Shqip\u00ebri. Nd\u00ebr t\u00eb tjera, ajo ju b\u00ebri thirrje qytetar\u00ebve q\u00eb t\u00eb luftojn\u00eb p\u00ebr t\u00eb drejtat e tyre.<\/p>\n<p>\u201cUn\u00eb vij nga zona\u00a0e Astirit, Yzberishtit bashk\u00eb, dhe jam shum\u00eb e indinjuar dhe kam ardhur n\u00eb em\u00ebr t\u00eb zon\u00ebs time, t\u00eb qytetar\u00ebve, pasi ministrja e sh\u00ebndet\u00ebsis\u00eb doli para pak dit\u00ebsh n\u00eb Parlament dhe tha q\u00eb sh\u00ebndet\u00ebsia \u00ebsht\u00eb shum\u00eb mir\u00eb, spitalet jan\u00eb perfekte.<\/p>\n<p>Do doja t&#8217;i thoja ministres: Mos po ngat\u00ebrron gj\u00eb situat\u00ebn me privatin?<\/p>\n<p>Shko dhe shiko pak se si jan\u00eb spitalet, q\u00eb i\u00a0keni b\u00ebr\u00eb &#8216;l\u00ebmsh e li&#8217;, ku n\u00eb urgjenca nuk merret vesh asgj\u00eb, dhe se p\u00ebr k\u00eb doktor po shkon dhe po pr\u00eat.<\/p>\n<p>Ju lutem, vini dor\u00ebn t\u00eb pakt\u00ebn n\u00eb sh\u00ebrbimin e urgjenc\u00ebs q\u00eb \u00e7dokush t\u00eb marr\u00eb sh\u00ebrbimin e duhur!!<\/p>\n<p>Dhe t\u00eb mos na b\u00ebjn\u00eb m\u00eb reklama, realiteti\u00a0\u00ebsht\u00eb krejt tjet\u00ebr. Popull, ngrihuni p\u00ebr t\u00eb drejtat tuaja, po luajn\u00eb shum\u00eb me ne!<\/p>\n<p>M\u00eb e turpshmja, \u00ebsht\u00eb se shkon te dera e spitalit dhe polici t\u00eb\u00a0pyet: P\u00ebr \u00e7far\u00eb do vizitoheni ju?<\/p>\n<p>\u00cbsht\u00eb shum\u00eb e turpshme dhe ndjehem v\u00ebrtet e indinjuar, v\u00ebrtet e fyer\u201d, tha qytetarja.<\/p>\n","protected":false},"excerpt":{"rendered":"<p>Pjes\u00ebmarr\u00ebs\u00eb n\u00eb tubimin e sot\u00ebm posht\u00eb sht\u00ebpis\u00eb s\u00eb liderit demokrat Sali Berisha, ishte dhe qytetarja e cila vinte nga zona e Astirit, e cila shprehu pak\u00ebnaq\u00ebsin\u00eb e saj me sistemin sh\u00ebndet\u00ebsor n\u00eb Shqip\u00ebri. Nd\u00ebr t\u00eb tjera, ajo ju b\u00ebri thirrje qytetar\u00ebve q\u00eb t\u00eb luftojn\u00eb p\u00ebr t\u00eb drejtat e tyre. \u201cUn\u00eb vij nga zona\u00a0e Astirit, Yzberishtit &hellip;<\/p>\n","protected":false},"author":4,"featured_media":0,"comment_status":"closed","ping_status":"closed","sticky":false,"template":"","format":"standard","meta":{"footnotes":""},"categories":[37],"tags":[],"class_list":["post-84411","post","type-post","status-publish","format-standard","","category-politike"],"_links":{"self":[{"href":"https:\/\/rdnews.al\/index.php\/wp-json\/wp\/v2\/posts\/84411","targetHints":{"allow":["GET"]}}],"collection":[{"href":"https:\/\/rdnews.al\/index.php\/wp-json\/wp\/v2\/posts"}],"about":[{"href":"https:\/\/rdnews.al\/index.php\/wp-json\/wp\/v2\/types\/post"}],"author":[{"embeddable":true,"href":"https:\/\/rdnews.al\/index.php\/wp-json\/wp\/v2\/users\/4"}],"replies":[{"embeddable":true,"href":"https:\/\/rdnews.al\/index.php\/wp-json\/wp\/v2\/comments?post=84411"}],"version-history":[{"count":0,"href":"https:\/\/rdnews.al\/index.php\/wp-json\/wp\/v2\/posts\/84411\/revisions"}],"wp:attachment":[{"href":"https:\/\/rdnews.al\/index.php\/wp-json\/wp\/v2\/media?parent=84411"}],"wp:term":[{"taxonomy":"category","embeddable":true,"href":"https:\/\/rdnews.al\/index.php\/wp-json\/wp\/v2\/categories?post=84411"},{"taxonomy":"post_tag","embeddable":true,"href":"https:\/\/rdnews.al\/index.php\/wp-json\/wp\/v2\/tags?post=84411"}],"curies":[{"name":"wp","href":"https:\/\/api.w.org\/{rel}","templated":true}]}}