{"id":84413,"date":"2024-07-13T18:25:19","date_gmt":"2024-07-13T18:25:19","guid":{"rendered":"https:\/\/rdnews.al\/?p=84413"},"modified":"2024-07-13T18:25:19","modified_gmt":"2024-07-13T18:25:19","slug":"berisha-goditja-e-fundit-votes-se-shqiptareve-u-jepet-nga-kriminelet-e-skap-it","status":"publish","type":"post","link":"https:\/\/rdnews.al\/index.php\/2024\/07\/13\/berisha-goditja-e-fundit-votes-se-shqiptareve-u-jepet-nga-kriminelet-e-skap-it\/","title":{"rendered":"Berisha: Goditja e fundit vot\u00ebs s\u00eb shqiptar\u00ebve u jepet nga kriminel\u00ebt e SKAP-it"},"content":{"rendered":"<p>Qytetar\u00ebt jan\u00eb mbledhur serish n\u00eb dit\u00ebn 194 t\u00eb protest\u00ebs n\u00eb mb\u00ebshtetje t\u00eb liderit t\u00eb opozit\u00ebs Sali Barisha.<\/p>\n<p>Kreu i PD duke p\u00ebrsh\u00ebndetur qytetar\u00ebt i ka quajtur ata misionar\u00eb t\u00eb kauz\u00ebs s\u00eb drejt\u00eb t\u00eb liris\u00eb dhe shpres\u00ebs s\u00eb shqiptar\u00ebve.<\/p>\n<p>\u201cMir\u00ebmbr\u00ebma dhe p\u00ebrsh\u00ebndetjet m\u00eb t\u00eb p\u00ebrzem\u00ebrta ju q\u00ebndrestareve dhe q\u00ebndrestar\u00ebve t\u00eb pamposhtur, misionar\u00ebve t\u00eb auz\u00ebs s\u00eb drejt\u00eb t\u00eb liris\u00eb, dinjitetit, shpres\u00ebs s\u00eb shqiptar\u00ebve.<\/p>\n<p>P\u00ebrulem p\u00ebrpara orator\u00ebve t\u00eb fjal\u00ebs s\u00eb lir\u00eb q\u00eb shp\u00ebrndajn\u00eb n\u00eb t\u00eb kat\u00ebr an\u00ebt e vendit t\u00eb v\u00ebrtetat e hidhura t\u00eb k\u00ebtij regjimi q\u00eb po zhbin shqiptar\u00ebt nga Shqip\u00ebria.<\/p>\n<p>T\u00eb dashur miq, gjith\u00e7ka fakton se jemi p\u00ebrpara nj\u00eb politike q\u00eb ka vet\u00ebm nj\u00eb q\u00ebllim, largimin dhe d\u00ebbimin e shqiptar\u00ebve nga Shqip\u00ebria p\u00ebr kushte t\u00eb kalkuluara.<\/p>\n<p>Vrasjen e shpres\u00ebs s\u00eb tyre se ky vend mund t\u00eb b\u00ebhet.<\/p>\n<p>Mohimin e drejt\u00ebsis\u00eb atyre.<\/p>\n<p>Amnistin\u00eb e krimit dhe t\u00eb drog\u00ebs t\u00eb qeveritar\u00ebve.<\/p>\n<p>Miqt\u00eb e mi, amnistia e krimeve t\u00eb qeveris\u00eb \u00ebsht\u00eb nj\u00eb nga aktet m\u00eb makab\u00ebr, m\u00eb d\u00ebshp\u00ebruese p\u00ebr t\u00eb gjith\u00eb shqiptar\u00ebt n\u00eb Shqip\u00ebri dhe kudo q\u00eb jan\u00eb.<\/p>\n<p>Kjo amnisti arrin p\u00ebrmasat e nj\u00eb krimi monstruoz.<\/p>\n<p>P\u00ebr t\u00eb gjith\u00eb ata t\u00eb cil\u00ebt besojn\u00eb tek vota e lir\u00eb, besojn\u00eb tek e drejta e shqiptar\u00ebve p\u00ebr t\u00eb shprehur vullnetin e tyre, grabitja e vot\u00ebs, shnd\u00ebrrimi i saj n\u00eb krim dhe shnd\u00ebrrimi i krimit n\u00eb vot\u00eb nga Edi Rama me patronazhist\u00ebt e tij, me bandat e krimit, me listat e votimit, me sulmet ndaj opozit\u00ebs, me shp\u00ebrndarjen e zarfeve dhjet\u00ebra e qindra milion\u00eb eurove, p\u00ebrb\u00ebn vrasjen e vot\u00ebs s\u00eb lir\u00eb pa u futur n\u00eb kuti. Pa u hedhur n\u00eb kuti.<\/p>\n<p>Por miqt\u00eb e mi, goditja e m\u00ebshir\u00ebs, goditja e fundit, vullnetit, dinjitetit, vot\u00ebs s\u00eb shqiptar\u00ebve, u jepet nga kriminel\u00ebt e Skapit.<\/p>\n<p>U jepet nga \u00e7akejt\u00eb q\u00eb lehin gjith\u00eb dit\u00ebn n\u00eb mbrojtje t\u00eb atyre q\u00eb amnistojn\u00eb krimin elektoral.<\/p>\n<p>U jepet nga lakejt\u00eb q\u00eb kalojn\u00eb nga studio n\u00eb studio t\u00eb marr\u00eb peng nga Skrapi i partis\u00eb p\u00ebr aferat e tyre.<\/p>\n<p>Dhe shkelmojn\u00eb e kalojn\u00eb mbi votat e vjedhura t\u00eb shqiptar\u00ebve, mbi krimin elektoral, nj\u00eblloj sikur t\u00eb kalojn\u00eb mbi kufom\u00ebn e demokracis\u00eb.<\/p>\n<p>K\u00ebta lakej t\u00eb Edi Ram\u00ebs, k\u00ebta puthador\u00eb t\u00eb pafytyr\u00eb, k\u00ebta bes\u00ebprer\u00eb t\u00eb demokracis\u00eb, pajtohen me amnistin\u00eb e krimit elektoral.<\/p>\n<p>Pajtohen me mbylljen e dosjeve monstruoze t\u00eb krimit elektoral sepse Edi Rama u hedh ndonj\u00eb kock\u00eb majtas apo djathtas\u201d, tha Berisha.<\/p>\n","protected":false},"excerpt":{"rendered":"<p>Qytetar\u00ebt jan\u00eb mbledhur serish n\u00eb dit\u00ebn 194 t\u00eb protest\u00ebs n\u00eb mb\u00ebshtetje t\u00eb liderit t\u00eb opozit\u00ebs Sali Barisha. Kreu i PD duke p\u00ebrsh\u00ebndetur qytetar\u00ebt i ka quajtur ata misionar\u00eb t\u00eb kauz\u00ebs s\u00eb drejt\u00eb t\u00eb liris\u00eb dhe shpres\u00ebs s\u00eb shqiptar\u00ebve. \u201cMir\u00ebmbr\u00ebma dhe p\u00ebrsh\u00ebndetjet m\u00eb t\u00eb p\u00ebrzem\u00ebrta ju q\u00ebndrestareve dhe q\u00ebndrestar\u00ebve t\u00eb pamposhtur, misionar\u00ebve t\u00eb auz\u00ebs s\u00eb drejt\u00eb &hellip;<\/p>\n","protected":false},"author":4,"featured_media":82601,"comment_status":"closed","ping_status":"closed","sticky":false,"template":"","format":"standard","meta":{"footnotes":""},"categories":[37],"tags":[],"class_list":["post-84413","post","type-post","status-publish","format-standard","has-post-thumbnail","","category-politike"],"_links":{"self":[{"href":"https:\/\/rdnews.al\/index.php\/wp-json\/wp\/v2\/posts\/84413","targetHints":{"allow":["GET"]}}],"collection":[{"href":"https:\/\/rdnews.al\/index.php\/wp-json\/wp\/v2\/posts"}],"about":[{"href":"https:\/\/rdnews.al\/index.php\/wp-json\/wp\/v2\/types\/post"}],"author":[{"embeddable":true,"href":"https:\/\/rdnews.al\/index.php\/wp-json\/wp\/v2\/users\/4"}],"replies":[{"embeddable":true,"href":"https:\/\/rdnews.al\/index.php\/wp-json\/wp\/v2\/comments?post=84413"}],"version-history":[{"count":0,"href":"https:\/\/rdnews.al\/index.php\/wp-json\/wp\/v2\/posts\/84413\/revisions"}],"wp:featuredmedia":[{"embeddable":true,"href":"https:\/\/rdnews.al\/index.php\/wp-json\/wp\/v2\/media\/82601"}],"wp:attachment":[{"href":"https:\/\/rdnews.al\/index.php\/wp-json\/wp\/v2\/media?parent=84413"}],"wp:term":[{"taxonomy":"category","embeddable":true,"href":"https:\/\/rdnews.al\/index.php\/wp-json\/wp\/v2\/categories?post=84413"},{"taxonomy":"post_tag","embeddable":true,"href":"https:\/\/rdnews.al\/index.php\/wp-json\/wp\/v2\/tags?post=84413"}],"curies":[{"name":"wp","href":"https:\/\/api.w.org\/{rel}","templated":true}]}}