{"id":84415,"date":"2024-07-13T18:29:32","date_gmt":"2024-07-13T18:29:32","guid":{"rendered":"https:\/\/rdnews.al\/?p=84415"},"modified":"2024-07-13T18:29:32","modified_gmt":"2024-07-13T18:29:32","slug":"berisha-basho-opozitaret-jane-pengje-te-shperfytyruara-te-vesit-bejne-avokatine-e-vjedhjes-se-votes-nga-edi-rama","status":"publish","type":"post","link":"https:\/\/rdnews.al\/index.php\/2024\/07\/13\/berisha-basho-opozitaret-jane-pengje-te-shperfytyruara-te-vesit-bejne-avokatine-e-vjedhjes-se-votes-nga-edi-rama\/","title":{"rendered":"Berisha: Basho-opozitar\u00ebt jan\u00eb pengje t\u00eb shp\u00ebrfytyruara t\u00eb vesit, b\u00ebjn\u00eb avokatin\u00eb e vjedhjes s\u00eb vot\u00ebs nga Edi Rama"},"content":{"rendered":"<p>Kryetari i Partis\u00eb Demokratike, Sali Berisha n\u00eb fjal\u00ebn e tij n\u00eb tubimin qytetar ne mb\u00ebshtetje t\u00eb kreut t\u00eb PD tha, se basho-opozitar\u00ebt jan\u00eb pengje t\u00eb shp\u00ebrfytyruara t\u00eb vesit, t\u00eb krimit, t\u00eb antishqiptarizmit.<\/p>\n<p>&#8220;K\u00ebta basho-opozitar\u00eb jan\u00eb pengje t\u00eb shp\u00ebrfytyruara t\u00eb vesit, t\u00eb krimit, t\u00eb antishqiptarizmit.<\/p>\n<p>K\u00ebta lakej, z\u00ebdh\u00ebn\u00ebs t\u00eb bandave, z\u00ebdh\u00ebn\u00ebs t\u00eb bot\u00ebs s\u00eb n\u00ebndheshme, n\u00eb vend q\u00eb t\u00eb b\u00ebjn\u00eb avokatin e vot\u00ebs s\u00eb qytetar\u00ebve, pavar\u00ebsisht nga bindjet politike.<\/p>\n<p>N\u00eb vend se t\u00eb b\u00ebjn\u00eb avokatin e vot\u00ebs s\u00eb lir\u00eb, q\u00eb \u00ebsht\u00eb dinjiteti, b\u00ebjn\u00eb avokatin e mercenar\u00ebve t\u00eb shpifur, de facto b\u00ebjn\u00eb avokatin e vjedhjes s\u00eb vot\u00ebs nga Edi Rama.<\/p>\n<p>O turpe komb\u00ebtare, o turpe njer\u00ebzore, po keni fytyr\u00eb apo nuk keni fytyr\u00eb?<\/p>\n<p>Keni ju ndjenja p\u00ebr qytetar\u00ebt shqiptar\u00eb q\u00eb po ikin, p\u00ebr vendin q\u00eb po zbrazet, apo lakej q\u00eb prisni kocka nga Edi Rama, merrni n\u00eb mbrojtje amnistin\u00eb e krimit elektoral?<\/p>\n<p>A keni sy ju? A keni zem\u00ebr dhe ndjenja ju? Vendi po zbrazet nj\u00eblloj si nga nj\u00eb koler\u00eb, vendi po zbrazet m\u00eb shum\u00eb se n\u00eb \u00e7do pushtim tjet\u00ebr dhe ju k\u00ebndoni himnet e Skapit.<\/p>\n<p>Turpi iu mbuloft\u00eb, mercenar\u00eb.<\/p>\n<p>Ju jeni raca m\u00eb e shpifur, sh\u00ebrb\u00ebtor\u00ebt m\u00eb t\u00eb shpifur t\u00eb regjimit t\u00eb krimit dhe drog\u00ebs t\u00eb Edi Ram\u00ebs.<\/p>\n<p>Na thoni ju, a e d\u00ebgjoi e gjith\u00eb bota krimin elektoral t\u00eb Edi Ram\u00ebs, Damian Gjiknurit, Taulant Ball\u00ebs, Ulsi Manj\u00ebs, Pjerin Ndreut, etj, etj?<\/p>\n<p>K\u00ebtu dallon \u00e7do njeri i lir\u00eb nga skllavi i krimit, nga i shituri, nga i pabesi, nga llafazani q\u00eb kalon nga studio n\u00eb studio dhe merret me \u00e7do gj\u00eb dhe jo me vot\u00ebn, sepse vota n\u00eb Shqip\u00ebri shnd\u00ebrrohet n\u00eb krim nga Edi Rama dhe krimi n\u00eb vot\u00eb.<\/p>\n<p>Dhe ju doni pushtetin e Edi Ram\u00ebs\u201d, tha Berisha.<\/p>\n","protected":false},"excerpt":{"rendered":"<p>Kryetari i Partis\u00eb Demokratike, Sali Berisha n\u00eb fjal\u00ebn e tij n\u00eb tubimin qytetar ne mb\u00ebshtetje t\u00eb kreut t\u00eb PD tha, se basho-opozitar\u00ebt jan\u00eb pengje t\u00eb shp\u00ebrfytyruara t\u00eb vesit, t\u00eb krimit, t\u00eb antishqiptarizmit. &#8220;K\u00ebta basho-opozitar\u00eb jan\u00eb pengje t\u00eb shp\u00ebrfytyruara t\u00eb vesit, t\u00eb krimit, t\u00eb antishqiptarizmit. K\u00ebta lakej, z\u00ebdh\u00ebn\u00ebs t\u00eb bandave, z\u00ebdh\u00ebn\u00ebs t\u00eb bot\u00ebs s\u00eb n\u00ebndheshme, n\u00eb &hellip;<\/p>\n","protected":false},"author":4,"featured_media":82604,"comment_status":"closed","ping_status":"closed","sticky":false,"template":"","format":"standard","meta":{"footnotes":""},"categories":[37],"tags":[],"class_list":["post-84415","post","type-post","status-publish","format-standard","has-post-thumbnail","","category-politike"],"_links":{"self":[{"href":"https:\/\/rdnews.al\/index.php\/wp-json\/wp\/v2\/posts\/84415","targetHints":{"allow":["GET"]}}],"collection":[{"href":"https:\/\/rdnews.al\/index.php\/wp-json\/wp\/v2\/posts"}],"about":[{"href":"https:\/\/rdnews.al\/index.php\/wp-json\/wp\/v2\/types\/post"}],"author":[{"embeddable":true,"href":"https:\/\/rdnews.al\/index.php\/wp-json\/wp\/v2\/users\/4"}],"replies":[{"embeddable":true,"href":"https:\/\/rdnews.al\/index.php\/wp-json\/wp\/v2\/comments?post=84415"}],"version-history":[{"count":0,"href":"https:\/\/rdnews.al\/index.php\/wp-json\/wp\/v2\/posts\/84415\/revisions"}],"wp:featuredmedia":[{"embeddable":true,"href":"https:\/\/rdnews.al\/index.php\/wp-json\/wp\/v2\/media\/82604"}],"wp:attachment":[{"href":"https:\/\/rdnews.al\/index.php\/wp-json\/wp\/v2\/media?parent=84415"}],"wp:term":[{"taxonomy":"category","embeddable":true,"href":"https:\/\/rdnews.al\/index.php\/wp-json\/wp\/v2\/categories?post=84415"},{"taxonomy":"post_tag","embeddable":true,"href":"https:\/\/rdnews.al\/index.php\/wp-json\/wp\/v2\/tags?post=84415"}],"curies":[{"name":"wp","href":"https:\/\/api.w.org\/{rel}","templated":true}]}}