{"id":84584,"date":"2024-07-16T10:10:15","date_gmt":"2024-07-16T10:10:15","guid":{"rendered":"https:\/\/rdnews.al\/?p=84584"},"modified":"2024-07-16T10:10:15","modified_gmt":"2024-07-16T10:10:15","slug":"shaqiri-largohet-nga-kombetarja-federata-e-futbollit-te-zvicres-ke-pushtuar-zemrat-tona","status":"publish","type":"post","link":"https:\/\/rdnews.al\/index.php\/2024\/07\/16\/shaqiri-largohet-nga-kombetarja-federata-e-futbollit-te-zvicres-ke-pushtuar-zemrat-tona\/","title":{"rendered":"Shaqiri largohet nga Komb\u00ebtarja, Federata e Futbollit t\u00eb Zvicr\u00ebs: Ke pushtuar zemrat tona!"},"content":{"rendered":"<p>Xherdan Shaqiri ka njoftuar p\u00ebr pensionimin nga Komb\u00ebtarja e Zvicr\u00ebs p\u00ebrmes nj\u00eb postimi n\u00eb rrjetet sociale.<\/p>\n<p>\u201cShtat\u00eb turne, shum\u00eb gola, 14 vjet n\u00eb Komb\u00ebtaren e Zvicr\u00ebs dhe momente t\u00eb paharrueshme. \u00cbsht\u00eb koha q\u00eb t\u2019i them lamtumir\u00eb Komb\u00ebtares. Kujtime t\u00eb m\u00ebdha do t\u00eb mbesin dhe ju them t\u00eb gjith\u00ebve: Faleminderit\u201d, shkroi Shaqiri n\u00eb Instagram.<\/p>\n<p>Futbollisti nga Kosova konsiderohet si nj\u00ebri prej lojtar\u00ebve m\u00eb t\u00eb m\u00ebdhenj t\u00eb Komb\u00ebtares helvetike, nd\u00ebrsa ka sh\u00ebnuar gola t\u00eb shumt\u00eb dhe mjaft t\u00eb r\u00ebnd\u00ebsish\u00ebm p\u00ebr Zvicr\u00ebn.<\/p>\n<p>Me an\u00eb t\u00eb nj\u00eb njoftimi n\u00eb rrjetet sociale, Federata e Futbollit t\u00eb Zvicr\u00ebs ka falenderuar p\u00ebr kontributin e madh Xherdan Shaqirin, i cili vendosi t\u00eb largohet nga p\u00ebrfaq\u00ebsuesja.<\/p>\n<p>\u201cD\u00ebshirojm\u00eb t\u2019u fal\u00ebnderojm\u00eb shum\u00eb p\u00ebr paraqitjet e shumta t\u00eb paharrueshme, p\u00ebr golat dhe asistimet e mrekullueshme n\u00eb p\u00ebrfaq\u00ebsuese dhe ju d\u00ebshirojm\u00eb t\u00eb gjitha t\u00eb mirat dhe shum\u00eb suksese n\u00eb t\u00eb ardhmen.<\/p>\n<p>Ju me loj\u00ebn dhe golat tuaj keni prekur dhe pushtuar zemrat ton\u00eb dhe t\u00eb tifoz\u00ebve\u201d, shkruan n\u00eb njoftimin e Federat\u00ebs s\u00eb Futbollit t\u00eb Zvicr\u00ebs.<\/p>\n","protected":false},"excerpt":{"rendered":"<p>Xherdan Shaqiri ka njoftuar p\u00ebr pensionimin nga Komb\u00ebtarja e Zvicr\u00ebs p\u00ebrmes nj\u00eb postimi n\u00eb rrjetet sociale. \u201cShtat\u00eb turne, shum\u00eb gola, 14 vjet n\u00eb Komb\u00ebtaren e Zvicr\u00ebs dhe momente t\u00eb paharrueshme. \u00cbsht\u00eb koha q\u00eb t\u2019i them lamtumir\u00eb Komb\u00ebtares. Kujtime t\u00eb m\u00ebdha do t\u00eb mbesin dhe ju them t\u00eb gjith\u00ebve: Faleminderit\u201d, shkroi Shaqiri n\u00eb Instagram. Futbollisti nga &hellip;<\/p>\n","protected":false},"author":4,"featured_media":84585,"comment_status":"closed","ping_status":"closed","sticky":false,"template":"","format":"standard","meta":{"footnotes":""},"categories":[39],"tags":[],"class_list":["post-84584","post","type-post","status-publish","format-standard","has-post-thumbnail","","category-sport"],"_links":{"self":[{"href":"https:\/\/rdnews.al\/index.php\/wp-json\/wp\/v2\/posts\/84584","targetHints":{"allow":["GET"]}}],"collection":[{"href":"https:\/\/rdnews.al\/index.php\/wp-json\/wp\/v2\/posts"}],"about":[{"href":"https:\/\/rdnews.al\/index.php\/wp-json\/wp\/v2\/types\/post"}],"author":[{"embeddable":true,"href":"https:\/\/rdnews.al\/index.php\/wp-json\/wp\/v2\/users\/4"}],"replies":[{"embeddable":true,"href":"https:\/\/rdnews.al\/index.php\/wp-json\/wp\/v2\/comments?post=84584"}],"version-history":[{"count":0,"href":"https:\/\/rdnews.al\/index.php\/wp-json\/wp\/v2\/posts\/84584\/revisions"}],"wp:featuredmedia":[{"embeddable":true,"href":"https:\/\/rdnews.al\/index.php\/wp-json\/wp\/v2\/media\/84585"}],"wp:attachment":[{"href":"https:\/\/rdnews.al\/index.php\/wp-json\/wp\/v2\/media?parent=84584"}],"wp:term":[{"taxonomy":"category","embeddable":true,"href":"https:\/\/rdnews.al\/index.php\/wp-json\/wp\/v2\/categories?post=84584"},{"taxonomy":"post_tag","embeddable":true,"href":"https:\/\/rdnews.al\/index.php\/wp-json\/wp\/v2\/tags?post=84584"}],"curies":[{"name":"wp","href":"https:\/\/api.w.org\/{rel}","templated":true}]}}