{"id":84592,"date":"2024-07-16T10:35:54","date_gmt":"2024-07-16T10:35:54","guid":{"rendered":"https:\/\/rdnews.al\/?p=84592"},"modified":"2024-07-16T10:35:54","modified_gmt":"2024-07-16T10:35:54","slug":"gareth-southgate-nuk-eshte-me-trajner-i-anglise","status":"publish","type":"post","link":"https:\/\/rdnews.al\/index.php\/2024\/07\/16\/gareth-southgate-nuk-eshte-me-trajner-i-anglise\/","title":{"rendered":"Gareth Southgate nuk \u00ebsht\u00eb m\u00eb trajner i Anglis\u00eb"},"content":{"rendered":"<p>Tashm\u00eb \u00ebsht\u00eb zyrtare, Gareth Southgate nga sot nuk \u00ebsht\u00eb m\u00eb trajneri i komb\u00ebtares angleze. Nj\u00eb lajm q\u00eb pritej, sidomos pas disfat\u00ebs s\u00eb dyt\u00eb rradhazi n\u00eb finalen e s\u00eb djel\u00ebs ndaj Spanj\u00ebs. Ka qen\u00eb vet\u00eb federate angleze q\u00eb n\u00ebp\u00ebrmjet nj\u00eb postimi, ka lajm\u00ebruar p\u00ebrfundimin e aventur\u00ebs s\u00eb Southgate tek \u201cTre Luan\u00ebt\u201d, pas 8 vitesh.<\/p>\n<p>\u201cSi anlgez, ishte nj\u00eb nder p\u00ebr mua t\u00eb luaja fillimisht p\u00ebr Anglin\u00eb e m\u00eb pas t\u00eb isha n\u00eb rolin e trajnerit. P\u00ebr mua kjo do t\u00eb thot\u00eb gjith\u00e7ka. Por \u00ebsht\u00eb koha p\u00ebr ndryshim dhe p\u00ebr t\u00eb shfletuar nj\u00eb kapitull t\u00eb ri\u201d, thuhet n\u00eb deklarat\u00ebn e Southgate.<\/p>\n","protected":false},"excerpt":{"rendered":"<p>Tashm\u00eb \u00ebsht\u00eb zyrtare, Gareth Southgate nga sot nuk \u00ebsht\u00eb m\u00eb trajneri i komb\u00ebtares angleze. Nj\u00eb lajm q\u00eb pritej, sidomos pas disfat\u00ebs s\u00eb dyt\u00eb rradhazi n\u00eb finalen e s\u00eb djel\u00ebs ndaj Spanj\u00ebs. Ka qen\u00eb vet\u00eb federate angleze q\u00eb n\u00ebp\u00ebrmjet nj\u00eb postimi, ka lajm\u00ebruar p\u00ebrfundimin e aventur\u00ebs s\u00eb Southgate tek \u201cTre Luan\u00ebt\u201d, pas 8 vitesh. \u201cSi anlgez, &hellip;<\/p>\n","protected":false},"author":4,"featured_media":84150,"comment_status":"closed","ping_status":"closed","sticky":false,"template":"","format":"standard","meta":{"footnotes":""},"categories":[39],"tags":[],"class_list":["post-84592","post","type-post","status-publish","format-standard","has-post-thumbnail","","category-sport"],"_links":{"self":[{"href":"https:\/\/rdnews.al\/index.php\/wp-json\/wp\/v2\/posts\/84592","targetHints":{"allow":["GET"]}}],"collection":[{"href":"https:\/\/rdnews.al\/index.php\/wp-json\/wp\/v2\/posts"}],"about":[{"href":"https:\/\/rdnews.al\/index.php\/wp-json\/wp\/v2\/types\/post"}],"author":[{"embeddable":true,"href":"https:\/\/rdnews.al\/index.php\/wp-json\/wp\/v2\/users\/4"}],"replies":[{"embeddable":true,"href":"https:\/\/rdnews.al\/index.php\/wp-json\/wp\/v2\/comments?post=84592"}],"version-history":[{"count":0,"href":"https:\/\/rdnews.al\/index.php\/wp-json\/wp\/v2\/posts\/84592\/revisions"}],"wp:featuredmedia":[{"embeddable":true,"href":"https:\/\/rdnews.al\/index.php\/wp-json\/wp\/v2\/media\/84150"}],"wp:attachment":[{"href":"https:\/\/rdnews.al\/index.php\/wp-json\/wp\/v2\/media?parent=84592"}],"wp:term":[{"taxonomy":"category","embeddable":true,"href":"https:\/\/rdnews.al\/index.php\/wp-json\/wp\/v2\/categories?post=84592"},{"taxonomy":"post_tag","embeddable":true,"href":"https:\/\/rdnews.al\/index.php\/wp-json\/wp\/v2\/tags?post=84592"}],"curies":[{"name":"wp","href":"https:\/\/api.w.org\/{rel}","templated":true}]}}