{"id":84597,"date":"2024-07-16T10:55:51","date_gmt":"2024-07-16T10:55:51","guid":{"rendered":"https:\/\/rdnews.al\/?p=84597"},"modified":"2024-07-16T10:55:51","modified_gmt":"2024-07-16T10:55:51","slug":"ngjarja-ne-korce-flet-fqinji-i-71-vjecarit-behej-agresiv-kur-parkonin-poshte-ballkonit-te-tij","status":"publish","type":"post","link":"https:\/\/rdnews.al\/index.php\/2024\/07\/16\/ngjarja-ne-korce-flet-fqinji-i-71-vjecarit-behej-agresiv-kur-parkonin-poshte-ballkonit-te-tij\/","title":{"rendered":"Ngjarja n\u00eb Kor\u00e7\u00eb, flet fqinji i 71-vje\u00e7arit: B\u00ebhej agresiv kur parkonin posht\u00eb ballkonit t\u00eb tij"},"content":{"rendered":"<p>Nj\u00eb ngjarje e r\u00ebnd\u00eb ka ndodhur gjat\u00eb dit\u00ebs s\u00eb sotme n\u00eb Kor\u00e7\u00eb, teksa 71-vje\u00e7ari Edmond Naska ka q\u00eblluar disa her\u00eb me arm\u00eb zjarri nga ballkoni dhe m\u00eb pas \u00ebsht\u00eb mbyllur n\u00eb banes\u00eb.<\/p>\n<p>Markeljan Dhimitri , fqinji i 71-vje\u00e7arit ka treguar detaje nga ngjarja, teksa tha p\u00ebr mediat se nuk e dinte q\u00eb Edmond Naska ishte i rreziksh\u00ebm.<\/p>\n<p>Mes t\u00eb tjerash ai tregoi se fqinji zihej me personat q\u00eb parkonin para ballkonit t\u00eb tij.<\/p>\n<p>\u201cNgjarja ndodhi rreth or\u00ebs 10, 10 e \u00e7erek. U d\u00ebgjuan disa t\u00eb sht\u00ebna. Mora nusen dhe djalin se u tremb\u00ebn dhe ik\u00ebm nga sht\u00ebpia. Banojm\u00eb n\u00eb t\u00eb nj\u00ebjtin pallat. E dija tip t\u00eb qet\u00eb, nuk dilte se rrinte mbyllur. Jetoj prej 3 vitesh n\u00eb k\u00ebt\u00eb pallat. S\u2019e dinim q\u00eb ishte kaq i rreziksh\u00ebm, duhej t\u00eb ndodhte kjo gj\u00eb.<\/p>\n<p>Shpresojm\u00eb q\u00eb t\u00eb mbyllet gjith\u00e7ka mir\u00eb, q\u00eb t\u00eb kthehemi n\u00eb sht\u00ebpi se kemi frik\u00eb. Dukej tip i qet\u00eb. Ve\u00e7 kur ndodhi sot ngjarja q\u00eb shtiri me arm\u00eb. Nuk mund t\u00eb kthehemi n\u00eb sht\u00ebpi. Jemi t\u00eb tronditur. Kur parkonin makinat para ballkonit t\u00eb tij b\u00ebhej agresiv, zihej. Me arm\u00eb gjuajti n\u00eb aj\u00ebr ai\u201d, tha ai.<\/p>\n","protected":false},"excerpt":{"rendered":"<p>Nj\u00eb ngjarje e r\u00ebnd\u00eb ka ndodhur gjat\u00eb dit\u00ebs s\u00eb sotme n\u00eb Kor\u00e7\u00eb, teksa 71-vje\u00e7ari Edmond Naska ka q\u00eblluar disa her\u00eb me arm\u00eb zjarri nga ballkoni dhe m\u00eb pas \u00ebsht\u00eb mbyllur n\u00eb banes\u00eb. Markeljan Dhimitri , fqinji i 71-vje\u00e7arit ka treguar detaje nga ngjarja, teksa tha p\u00ebr mediat se nuk e dinte q\u00eb Edmond Naska ishte &hellip;<\/p>\n","protected":false},"author":4,"featured_media":84598,"comment_status":"closed","ping_status":"closed","sticky":false,"template":"","format":"standard","meta":{"footnotes":""},"categories":[37],"tags":[],"class_list":["post-84597","post","type-post","status-publish","format-standard","has-post-thumbnail","","category-politike"],"_links":{"self":[{"href":"https:\/\/rdnews.al\/index.php\/wp-json\/wp\/v2\/posts\/84597","targetHints":{"allow":["GET"]}}],"collection":[{"href":"https:\/\/rdnews.al\/index.php\/wp-json\/wp\/v2\/posts"}],"about":[{"href":"https:\/\/rdnews.al\/index.php\/wp-json\/wp\/v2\/types\/post"}],"author":[{"embeddable":true,"href":"https:\/\/rdnews.al\/index.php\/wp-json\/wp\/v2\/users\/4"}],"replies":[{"embeddable":true,"href":"https:\/\/rdnews.al\/index.php\/wp-json\/wp\/v2\/comments?post=84597"}],"version-history":[{"count":0,"href":"https:\/\/rdnews.al\/index.php\/wp-json\/wp\/v2\/posts\/84597\/revisions"}],"wp:featuredmedia":[{"embeddable":true,"href":"https:\/\/rdnews.al\/index.php\/wp-json\/wp\/v2\/media\/84598"}],"wp:attachment":[{"href":"https:\/\/rdnews.al\/index.php\/wp-json\/wp\/v2\/media?parent=84597"}],"wp:term":[{"taxonomy":"category","embeddable":true,"href":"https:\/\/rdnews.al\/index.php\/wp-json\/wp\/v2\/categories?post=84597"},{"taxonomy":"post_tag","embeddable":true,"href":"https:\/\/rdnews.al\/index.php\/wp-json\/wp\/v2\/tags?post=84597"}],"curies":[{"name":"wp","href":"https:\/\/api.w.org\/{rel}","templated":true}]}}