{"id":84634,"date":"2024-07-16T19:11:48","date_gmt":"2024-07-16T19:11:48","guid":{"rendered":"https:\/\/rdnews.al\/?p=84634"},"modified":"2024-07-16T19:11:48","modified_gmt":"2024-07-16T19:11:48","slug":"edi-rama-urdheron-mercenaret-e-tij-te-vendosin-ne-arrest-pa-asnje-fakt-kryetarin-e-partise-me-te-madhe-opozitare","status":"publish","type":"post","link":"https:\/\/rdnews.al\/index.php\/2024\/07\/16\/edi-rama-urdheron-mercenaret-e-tij-te-vendosin-ne-arrest-pa-asnje-fakt-kryetarin-e-partise-me-te-madhe-opozitare\/","title":{"rendered":"Edi Rama urdh\u00ebron mercenar\u00ebt e tij t\u00eb vendosin n\u00eb arrest pa asnj\u00eb fakt kryetarin e partis\u00eb m\u00eb t\u00eb madhe opozitare"},"content":{"rendered":"<p>Lideri i opozit\u00ebs, Sali Berisha iu drejtua qytetar\u00ebve q\u00eb kishin ardhur ta mb\u00ebshtesnin n\u00eb at\u00eb q\u00eb e kan\u00eb cil\u00ebsuar si \u2018rruga e shpres\u00ebs\u2019, tha se mercenar\u00ebt e Ram\u00ebs po shkelmojn\u00eb Kushtetut\u00ebn e vendit, duke vendosur\u00a0n\u00eb arrest pa asnj\u00eb fakt, baz\u00eb apo dokument kryetarin e partis\u00eb m\u00eb t\u00eb madhe opozitare.<\/p>\n<p>Gjat\u00eb fjalimit t\u00eb tij, Berisha theksoi se \u00e7do dit\u00eb ka denoncuar lidhjet e Ram\u00ebs me krimin, drog\u00ebn, korrupsionin dhe korrupsionin e tij nd\u00ebrkomb\u00ebtar.<\/p>\n<p>Berisha iu drejtua qyetetar\u00ebve duke th\u00ebn\u00eb se vet\u00ebm beteja \u00ebsht\u00eb shpresa e fundit e shqiptar\u00ebve.<\/p>\n<p>\u2018Vet\u00ebm beteja \u00ebsht\u00eb rruga e fitores ndaj nj\u00eb njeriu q\u00eb ka p\u00ebrqendruar \u00e7do pushtet n\u00eb duart e tij.<\/p>\n<p>Ndaj nj\u00eb njeriu q\u00eb me parat\u00eb e drog\u00ebs dhe parat\u00eb e vjedhura ushqen nj\u00eb propagand\u00eb kund\u00ebr t\u00eb v\u00ebrtet\u00ebs nga m\u00ebngjesi gjer n\u00eb dark\u00eb.<\/p>\n<p>Q\u00eb me parat\u00eb e drog\u00ebs dhe parat\u00eb e vjedhura blen deklarata n\u00ebp\u00ebr bot\u00eb dhe vizita n\u00eb Shqip\u00ebri.<\/p>\n<p>Por ne jemi shqiptar\u00eb, geni yn\u00eb \u00ebsht\u00eb i pamposhtur.<\/p>\n<p>Ndaj dhe ne q\u00ebndrojm\u00eb t\u00eb pamposhtur p\u00ebr t\u2019u th\u00ebn\u00eb t\u00eb v\u00ebrtetat shqiptar\u00ebve.<\/p>\n<p>Q\u00ebndrojm\u00eb t\u00eb pamposhtur n\u00eb sakrific\u00ebn dhe p\u00ebrpjekjen ton\u00eb p\u00ebr t\u00eb rikthyer vot\u00ebn e lir\u00eb shqiptar\u00ebve.<\/p>\n<p>Q\u00ebndrojm\u00eb t\u00eb pamposhtur p\u00ebr t\u00eb shkuar drejt qeveris\u00eb teknike sepse me Edi Ram\u00ebn zgjedhje t\u00eb lira nuk ka dhe nuk do t\u00eb ket\u00eb.<\/p>\n<p>Miqt\u00eb e mi, \u00e7do dit\u00eb, \u00e7do or\u00eb ju d\u00ebgjoni vendime q\u00eb posht\u00ebrojn\u00eb \u00e7do shqiptar.<\/p>\n<p>Edi Rama me drejt\u00ebsin\u00eb e tij politike tregon se \u00ebsht\u00eb i aft\u00eb t\u00eb marr\u00eb \u00e7do vendim.<\/p>\n<p>Se \u00ebsht\u00eb i aft\u00eb t\u00eb shkel\u00eb \u00e7do ligj.<\/p>\n<p>T\u00eb shkel\u00eb Kushtetut\u00ebn.<\/p>\n<p>Shikoni \u00e7far\u00eb b\u00ebn me Xha\u00e7k\u00ebn e tij? Shikoni \u00e7far\u00eb b\u00ebn me Erion Veliajn, Ballukun, hajdut\u00ebt e tjer\u00eb?<\/p>\n<p>Edi Rama \u00ebsht\u00eb nj\u00eblloj, \u00ebsht\u00eb si pika e ujit e ndar\u00eb n\u00eb dysh me baban\u00eb e tij xhelat, Kristaq Rama, i cili varte kund\u00ebrshtar\u00ebt politik\u00eb sepse t\u00eb atilla ishin ligjet e koh\u00ebs p\u00ebr kund\u00ebrshtarin.<\/p>\n<p>Kurse sot, Edi Rama n\u00eb kund\u00ebrshtim me ligjin dhe Kushtetut\u00ebn urdh\u00ebron mercenar\u00ebt e tij t\u00eb shkelmojn\u00eb Konvent\u00ebn Europiane t\u00eb t\u00eb Drejtave t\u00eb Njeriut.<\/p>\n<p>T\u00eb shkelmojn\u00eb Kushtetut\u00ebn e vendit dhe t\u00eb vendosin n\u00eb arrest pa asnj\u00eb fakt, baz\u00eb apo dokument kryetarin e partis\u00eb m\u00eb t\u00eb madhe opozitare.<\/p>\n<p>P\u00ebr faktin e vet\u00ebm se ka denoncuar \u00e7do dit\u00eb, \u00e7do or\u00eb, \u00e7do jav\u00eb, \u00e7do muaj, vjedhjet e tij monstruoze, vjedhjet e familjar\u00ebve t\u00eb tij, vjedhjet e ministrave t\u00eb tij, lidhjet e tij me krimin, drog\u00ebn, korrupsionin dhe korrupsionin e tij nd\u00ebrkomb\u00ebtar.<\/p>\n<p>Vet\u00ebm e vet\u00ebm se ka mbrojtur n\u00eb \u00e7do rast interesin komb\u00ebtar.<\/p>\n<p>E ka denoncuar at\u00eb si argat t\u00eb Beogradit\u201d, tha Berisha.<\/p>\n","protected":false},"excerpt":{"rendered":"<p>Lideri i opozit\u00ebs, Sali Berisha iu drejtua qytetar\u00ebve q\u00eb kishin ardhur ta mb\u00ebshtesnin n\u00eb at\u00eb q\u00eb e kan\u00eb cil\u00ebsuar si \u2018rruga e shpres\u00ebs\u2019, tha se mercenar\u00ebt e Ram\u00ebs po shkelmojn\u00eb Kushtetut\u00ebn e vendit, duke vendosur\u00a0n\u00eb arrest pa asnj\u00eb fakt, baz\u00eb apo dokument kryetarin e partis\u00eb m\u00eb t\u00eb madhe opozitare. Gjat\u00eb fjalimit t\u00eb tij, Berisha theksoi &hellip;<\/p>\n","protected":false},"author":4,"featured_media":82794,"comment_status":"closed","ping_status":"closed","sticky":false,"template":"","format":"standard","meta":{"footnotes":""},"categories":[37],"tags":[],"class_list":["post-84634","post","type-post","status-publish","format-standard","has-post-thumbnail","","category-politike"],"_links":{"self":[{"href":"https:\/\/rdnews.al\/index.php\/wp-json\/wp\/v2\/posts\/84634","targetHints":{"allow":["GET"]}}],"collection":[{"href":"https:\/\/rdnews.al\/index.php\/wp-json\/wp\/v2\/posts"}],"about":[{"href":"https:\/\/rdnews.al\/index.php\/wp-json\/wp\/v2\/types\/post"}],"author":[{"embeddable":true,"href":"https:\/\/rdnews.al\/index.php\/wp-json\/wp\/v2\/users\/4"}],"replies":[{"embeddable":true,"href":"https:\/\/rdnews.al\/index.php\/wp-json\/wp\/v2\/comments?post=84634"}],"version-history":[{"count":0,"href":"https:\/\/rdnews.al\/index.php\/wp-json\/wp\/v2\/posts\/84634\/revisions"}],"wp:featuredmedia":[{"embeddable":true,"href":"https:\/\/rdnews.al\/index.php\/wp-json\/wp\/v2\/media\/82794"}],"wp:attachment":[{"href":"https:\/\/rdnews.al\/index.php\/wp-json\/wp\/v2\/media?parent=84634"}],"wp:term":[{"taxonomy":"category","embeddable":true,"href":"https:\/\/rdnews.al\/index.php\/wp-json\/wp\/v2\/categories?post=84634"},{"taxonomy":"post_tag","embeddable":true,"href":"https:\/\/rdnews.al\/index.php\/wp-json\/wp\/v2\/tags?post=84634"}],"curies":[{"name":"wp","href":"https:\/\/api.w.org\/{rel}","templated":true}]}}