{"id":84636,"date":"2024-07-16T19:14:37","date_gmt":"2024-07-16T19:14:37","guid":{"rendered":"https:\/\/rdnews.al\/?p=84636"},"modified":"2024-07-16T19:14:37","modified_gmt":"2024-07-16T19:14:37","slug":"berisha-ne-jemi-me-te-vendosur-se-kurre-te-sakrifikojme-te-cojme-vendin-drejt-qeverise-teknike-drejt-zgjedhjeve-te-lira","status":"publish","type":"post","link":"https:\/\/rdnews.al\/index.php\/2024\/07\/16\/berisha-ne-jemi-me-te-vendosur-se-kurre-te-sakrifikojme-te-cojme-vendin-drejt-qeverise-teknike-drejt-zgjedhjeve-te-lira\/","title":{"rendered":"Berisha: Ne jemi m\u00eb t\u00eb vendosur se kurr\u00eb t\u00eb sakrifikojm\u00eb, t\u00eb \u00e7ojm\u00eb vendin drejt qeveris\u00eb teknike, drejt zgjedhjeve t\u00eb lira"},"content":{"rendered":"<p>Kreu i PD, Sali Berisha n\u00eb fjal\u00ebn e tij p\u00ebrpara protestuesve n\u00eb tubimin e p\u00ebrnatsh\u00ebm n\u00eb &#8216;rrug\u00ebn e shpres\u00ebs&#8217; \u00ebsht\u00eb shprehur se shqiptar\u00ebt jan\u00eb m\u00eb t\u00eb\u00a0vendosur se kurr\u00eb t\u00eb sakrifikojn\u00eb, p\u00ebr t\u00eb \u00e7ua vendin drejt qeveris\u00eb teknike, dhe drejt zgjedhjeve t\u00eb lira.<\/p>\n<p>Berisha theksoi\u00a0se,\u00a0shqiptar\u00ebt jan\u00eb t\u00eb gatsh\u00ebm t\u00eb\u00a0mbrojn\u00eb interesin komb\u00ebtar p\u00eb\u00a0t\u2019i rikthyer\u00a0Shqip\u00ebris\u00eb dhe shqiptar\u00ebve ligjin, t\u00eb drejtat, dinjitetin, shtetin ligjor, kushtetutshm\u00ebrin\u00eb.<\/p>\n<p><strong>Berisha:\u00a0<\/strong>Edi Rama pas atentateve q\u00eb organizon dhe d\u00ebshton me turp, nd\u00ebrmerr arrestet politike jo vet\u00ebm ndaj Sali Berish\u00ebs, por ndaj drejtuesve t\u00eb tjer\u00eb t\u00eb opozit\u00ebs.<br \/>\nArreston t\u00eb zgjedhurit e saj vet\u00ebm e vet\u00ebm se \u00ebsht\u00eb i \u00e7mendur pas pasurive t\u00eb bregut dhe do t\u2019ia kaparoj\u00eb ato t\u00eb gjitha me v\u00ebllain dhe sojin e tij t\u00eb f\u00eblliqur.<\/p>\n<p>Por ne jemi k\u00ebtu gardian\u00eb t\u00eb t\u00eb v\u00ebrtet\u00ebs.<br \/>\nNe jemi k\u00ebtu q\u00ebndrestar\u00eb t\u00eb pamposhtur.<br \/>\nAvoket\u00ebr t\u00eb pakthyesh\u00ebm t\u00eb interesit publik.<br \/>\nT\u00eb dinjitetit njer\u00ebzor.<\/p>\n<p>Ne jemi k\u00ebtu sot m\u00eb t\u00eb vendosur se kurr\u00eb t\u00eb sakrifikojm\u00eb, t\u00eb \u00e7ojm\u00eb vendin drejt qeveris\u00eb teknike, drejt zgjedhjeve t\u00eb lira.<\/p>\n<p>T\u00eb mbrojm\u00eb interesin ton\u00eb komb\u00ebtar.<\/p>\n<p>T\u2019i rikthejm\u00eb Shqip\u00ebris\u00eb dhe shqiptar\u00ebve ligjin, t\u00eb drejtat, dinjitetin, shtetin ligjor, kushtetutshm\u00ebrin\u00eb.<br \/>\nT\u00eb godasim, t\u00eb presim me forc\u00ebn e ligjit lidhjet e tmerrshme t\u00eb politik\u00ebs me krimin.<br \/>\nT\u00eb presim me g\u00ebrsh\u00ebr\u00ebt e ligjit dor\u00ebn e zez\u00eb t\u00eb hajdut\u00ebve t\u00eb pushtetit q\u00eb varf\u00ebron shqiptar\u00ebt.<br \/>\nT\u00eb presim me forc\u00ebn ton\u00eb tentakulat e korrupsionit nd\u00ebrkomb\u00ebtar mbi k\u00ebt\u00eb vend.<br \/>\nShqip\u00ebria e shqiptar\u00ebve.<\/p>\n<p>Shqip\u00ebria vend demokratik, vend i lir\u00eb, e sigurt n\u00eb rrug\u00ebn evropiane, \u00ebsht\u00eb dhe mbetet motivi yn\u00eb.<br \/>\nRrofshi ju, rroft\u00eb Shqip\u00ebria.<\/p>\n<p>Fitore, fitore, fitore!&#8217;-p\u00ebrfundon Berisha fjal\u00ebn e tij.<\/p>\n","protected":false},"excerpt":{"rendered":"<p>Kreu i PD, Sali Berisha n\u00eb fjal\u00ebn e tij p\u00ebrpara protestuesve n\u00eb tubimin e p\u00ebrnatsh\u00ebm n\u00eb &#8216;rrug\u00ebn e shpres\u00ebs&#8217; \u00ebsht\u00eb shprehur se shqiptar\u00ebt jan\u00eb m\u00eb t\u00eb\u00a0vendosur se kurr\u00eb t\u00eb sakrifikojn\u00eb, p\u00ebr t\u00eb \u00e7ua vendin drejt qeveris\u00eb teknike, dhe drejt zgjedhjeve t\u00eb lira. Berisha theksoi\u00a0se,\u00a0shqiptar\u00ebt jan\u00eb t\u00eb gatsh\u00ebm t\u00eb\u00a0mbrojn\u00eb interesin komb\u00ebtar p\u00eb\u00a0t\u2019i rikthyer\u00a0Shqip\u00ebris\u00eb dhe shqiptar\u00ebve ligjin, &hellip;<\/p>\n","protected":false},"author":4,"featured_media":82610,"comment_status":"closed","ping_status":"closed","sticky":false,"template":"","format":"standard","meta":{"footnotes":""},"categories":[37],"tags":[],"class_list":["post-84636","post","type-post","status-publish","format-standard","has-post-thumbnail","","category-politike"],"_links":{"self":[{"href":"https:\/\/rdnews.al\/index.php\/wp-json\/wp\/v2\/posts\/84636","targetHints":{"allow":["GET"]}}],"collection":[{"href":"https:\/\/rdnews.al\/index.php\/wp-json\/wp\/v2\/posts"}],"about":[{"href":"https:\/\/rdnews.al\/index.php\/wp-json\/wp\/v2\/types\/post"}],"author":[{"embeddable":true,"href":"https:\/\/rdnews.al\/index.php\/wp-json\/wp\/v2\/users\/4"}],"replies":[{"embeddable":true,"href":"https:\/\/rdnews.al\/index.php\/wp-json\/wp\/v2\/comments?post=84636"}],"version-history":[{"count":0,"href":"https:\/\/rdnews.al\/index.php\/wp-json\/wp\/v2\/posts\/84636\/revisions"}],"wp:featuredmedia":[{"embeddable":true,"href":"https:\/\/rdnews.al\/index.php\/wp-json\/wp\/v2\/media\/82610"}],"wp:attachment":[{"href":"https:\/\/rdnews.al\/index.php\/wp-json\/wp\/v2\/media?parent=84636"}],"wp:term":[{"taxonomy":"category","embeddable":true,"href":"https:\/\/rdnews.al\/index.php\/wp-json\/wp\/v2\/categories?post=84636"},{"taxonomy":"post_tag","embeddable":true,"href":"https:\/\/rdnews.al\/index.php\/wp-json\/wp\/v2\/tags?post=84636"}],"curies":[{"name":"wp","href":"https:\/\/api.w.org\/{rel}","templated":true}]}}