{"id":84652,"date":"2024-07-17T08:48:42","date_gmt":"2024-07-17T08:48:42","guid":{"rendered":"https:\/\/rdnews.al\/?p=84652"},"modified":"2024-07-17T08:48:42","modified_gmt":"2024-07-17T08:48:42","slug":"emert-po-behet-nje-ndjekje-penale-e-padrejte-e-liderit-te-opozites-dash-sduhet-te-nderhyje-ne-gjyqesor","status":"publish","type":"post","link":"https:\/\/rdnews.al\/index.php\/2024\/07\/17\/emert-po-behet-nje-ndjekje-penale-e-padrejte-e-liderit-te-opozites-dash-sduhet-te-nderhyje-ne-gjyqesor\/","title":{"rendered":"Emert: Po b\u00ebhet nj\u00eb ndjekje penale e padrejt\u00eb e liderit t\u00eb opozit\u00ebs! DASH s\u2019duhet t\u00eb nd\u00ebrhyj\u00eb n\u00eb gjyq\u00ebsor"},"content":{"rendered":"<p>Kandidati republikan p\u00ebr Dhom\u00ebn e P\u00ebrfaq\u00ebsuesve n\u00eb shtetin e Tennessee, Jason Emert, ka folur p\u00ebr zhvillimet politike n\u00eb Shqip\u00ebri, si dhe p\u00ebr d\u00ebnimin politik t\u00eb liderit t\u00eb opozit\u00ebs, Sali Berisha.<\/p>\n<p>Pyetjes se a mund t\u00eb ket\u00eb nj\u00eb paralele mes dy proceseve gjyq\u00ebsore q\u00eb po zhvillohen ndaj kryedemokratit Sali Berisha dhe kandidatit republikan p\u00ebr president t\u00eb ShBA-s\u00eb, Donald Trump, Jason Emert theksoi se \u2018n\u00eb Shqip\u00ebri po b\u00ebhet nj\u00eb ndjekje penale shum\u00eb e padrejt\u00eb e liderit t\u00eb opozit\u00ebs\u2019.<\/p>\n<p>Duke e cil\u00ebsuar Shqip\u00ebrin\u00eb si nj\u00eb regjim diktatorial, Jason Emert u shpreh se DASH nuk duhet q\u00eb t\u00eb nd\u00ebrhyj\u00eb dhe t\u00eb p\u00ebrcaktoj\u00eb n\u00eb vendet e huaja jasht\u00eb ShBA se \u00e7far\u00eb \u00ebsht\u00eb e drejt\u00eb dhe jo e drejt\u00eb dhe \u00e7far\u00eb duhet ndjekur penalisht dhe \u00e7far\u00eb jo.<\/p>\n<p><strong>Intervista<\/strong><\/p>\n<p><strong>Ferko:<\/strong>\u00a0<em>Ju e dini shum\u00eb mir\u00eb \u00e7\u00ebshtje ndaj zotit Berisha. Dit\u00ebn e sotme, ka q\u00ebn\u00eb nj\u00eb tjet\u00ebr gjykat\u00eb e nj\u00eb tjet\u00ebr niveli, e cila ka dh\u00ebn\u00eb vendimi q\u00eb zoti Berisha i cili po mbahet n\u00eb arrest sht\u00ebpie prej 6 muajsh pa asnj\u00eb akuz\u00eb ende t\u00eb formuluar dhe pa asnj\u00eb prov\u00eb, do vijoj\u00eb t\u00eb mbahet n\u00eb k\u00ebt\u00eb mas\u00eb sigurie. Ky \u00ebsht\u00eb standardi i gjykatave k\u00ebtu, sigurisht \u00e7\u00ebshtja vijon por shum\u00eb n\u00eb Shqip\u00ebri dhe p\u00ebrtej kufirit e cil\u00ebsojn\u00eb si burgosje politike. Ka nj\u00eb paralele mes t\u00eb dy realiteteve?<\/em><\/p>\n<p><strong>Jason Emert:<\/strong>\u00a0<em>Duket se n\u00eb Shqip\u00ebri po b\u00ebhet nj\u00eb ndjekje penale shum\u00eb e padrejt\u00eb e liderit t\u00eb opozit\u00ebs dhe ka nj\u00eb kund\u00ebrshtim t\u00eb fort\u00eb edhe prej medias edhe persona t\u00eb tjer\u00eb t\u00eb cil\u00ebt ndiqen penalisht thjesht prej mendimit t\u00eb tyre t\u00eb kund\u00ebrt me qeverin\u00eb. Ti rr\u00ebzon nj\u00eb drejtues t\u00eb medias dhe nj\u00eb partie opozitare dhe qeveria ndjek n\u00eb m\u00ebnyr\u00eb t\u00eb paligjshme k\u00ebta personazhe. Dhe Shqip\u00ebria tregon se \u00e7far\u00eb regjimi diktatorial \u00ebsht\u00eb duke vendosur.<\/em><\/p>\n<p><strong>Ferko:<\/strong>\u00a0<em>Nj\u00eb regjim q\u00eb gjithsesi kemi parasysh q\u00eb k\u00ebtu n\u00eb Shqip\u00ebri, qeveria ka p\u00ebrdorur si justifikim nd\u00ebrkomb\u00ebtar\u00ebt shpesh her\u00eb ShBA. Duhet opinioni publik t\u00eb b\u00ebj\u00eb nj\u00eb ndarje n\u00eb at\u00eb q\u00eb \u00e7far\u00eb p\u00ebrfaq\u00ebson n\u00eb t\u00eb v\u00ebrtet\u00eb ShBA dhe q\u00ebndrimi q\u00eb mund t\u00eb mbaj\u00eb nj\u00eb administrat\u00eb e caktuar?<\/em><\/p>\n<p><strong>Jason Emert:<\/strong>\u00a0<em>Mendoj se DASH nuk duhet q\u00eb t\u00eb nd\u00ebrhyj\u00eb dhe t\u00eb p\u00ebrcaktoj\u00eb n\u00eb vendet e huaja jasht\u00eb ShBA se \u00e7far\u00eb \u00ebsht\u00eb e drejt\u00eb dhe jo e drejt\u00eb dhe \u00e7far\u00eb duhet ndjekur penalisht dhe \u00e7far\u00eb jo. Administrata e ish-presidentit Barak Obam\u00ebs ka nd\u00ebrhyr\u00eb shpesh n\u00eb shtete n\u00eb t\u00eb cilat mendohet se do t\u00eb kishte nj\u00eb ideologji q\u00eb nuk do t\u2019i p\u00eblqente. DASH nuk flet n\u00eb em\u00ebr t\u00eb popullit amerikan. Ne duam nj\u00eb diskutim t\u00eb hapur me vendet e Ballkanit Per\u00ebndimor dhe sidomos me nj\u00eb aleat t\u00eb NATO-s si\u00e7 \u00ebsht\u00eb Shqip\u00ebria. Ne duam q\u00eb gazetaria e hapur dhe transparente t\u00eb mbizot\u00ebroj\u00eb n\u00eb at\u00eb vend.<\/em><\/p>\n<p><strong>Ferko:<\/strong>\u00a0<em>Dhe kjo do t\u00eb ishte nj\u00eb tjet\u00ebr v\u00ebmendje ndoshta e administrat\u00ebs \u2018Trump 2\u2019?<\/em><\/p>\n<p><strong>Jason Emert:<\/strong>\u00a0<em>Po shpresoj q\u00eb po. P\u00ebrfshirja jon\u00eb n\u00eb Ballkanin Per\u00ebndimor dhe q\u00eb DASH t\u00eb kuptoj\u00eb se nga po vijn\u00eb t\u00eb gjitha k\u00ebto influenca dhe ndikime dhe cilat jan\u00eb arsyet se p\u00ebrse po veprohet n\u00eb m\u00ebnyr\u00eb kaq antikushtetuese \u00ebsht\u00eb di\u00e7ka q\u00eb administrata e re do ta marr\u00eb n\u00eb konsiderat\u00eb duke e l\u00ebn\u00eb m\u00ebnjan\u00eb ideologjin\u00eb por duke v\u00ebn\u00eb reputacionin dhe q\u00ebllimet tona t\u00eb mira n\u00eb mbar\u00eb bot\u00ebn.<\/em><\/p>\n<p><em>Ne si vend duam t\u00eb mb\u00ebshtesim gazetarin\u00eb e lir\u00eb dhe kjo nuk mund t\u00eb zbatohet pa mb\u00ebshtetjen e SHBA dhe SHBA do t\u00eb mb\u00ebshtesin dhe do t\u2019i japin gjithmon\u00eb streh\u00eb atyre gazetar\u00ebve q\u00eb vazhdimisht do t\u00eb k\u00ebrkojn\u00eb strehim.\/Syritv<\/em><\/p>\n","protected":false},"excerpt":{"rendered":"<p>Kandidati republikan p\u00ebr Dhom\u00ebn e P\u00ebrfaq\u00ebsuesve n\u00eb shtetin e Tennessee, Jason Emert, ka folur p\u00ebr zhvillimet politike n\u00eb Shqip\u00ebri, si dhe p\u00ebr d\u00ebnimin politik t\u00eb liderit t\u00eb opozit\u00ebs, Sali Berisha. Pyetjes se a mund t\u00eb ket\u00eb nj\u00eb paralele mes dy proceseve gjyq\u00ebsore q\u00eb po zhvillohen ndaj kryedemokratit Sali Berisha dhe kandidatit republikan p\u00ebr president t\u00eb &hellip;<\/p>\n","protected":false},"author":4,"featured_media":84653,"comment_status":"closed","ping_status":"closed","sticky":false,"template":"","format":"standard","meta":{"footnotes":""},"categories":[37],"tags":[],"class_list":["post-84652","post","type-post","status-publish","format-standard","has-post-thumbnail","","category-politike"],"_links":{"self":[{"href":"https:\/\/rdnews.al\/index.php\/wp-json\/wp\/v2\/posts\/84652","targetHints":{"allow":["GET"]}}],"collection":[{"href":"https:\/\/rdnews.al\/index.php\/wp-json\/wp\/v2\/posts"}],"about":[{"href":"https:\/\/rdnews.al\/index.php\/wp-json\/wp\/v2\/types\/post"}],"author":[{"embeddable":true,"href":"https:\/\/rdnews.al\/index.php\/wp-json\/wp\/v2\/users\/4"}],"replies":[{"embeddable":true,"href":"https:\/\/rdnews.al\/index.php\/wp-json\/wp\/v2\/comments?post=84652"}],"version-history":[{"count":0,"href":"https:\/\/rdnews.al\/index.php\/wp-json\/wp\/v2\/posts\/84652\/revisions"}],"wp:featuredmedia":[{"embeddable":true,"href":"https:\/\/rdnews.al\/index.php\/wp-json\/wp\/v2\/media\/84653"}],"wp:attachment":[{"href":"https:\/\/rdnews.al\/index.php\/wp-json\/wp\/v2\/media?parent=84652"}],"wp:term":[{"taxonomy":"category","embeddable":true,"href":"https:\/\/rdnews.al\/index.php\/wp-json\/wp\/v2\/categories?post=84652"},{"taxonomy":"post_tag","embeddable":true,"href":"https:\/\/rdnews.al\/index.php\/wp-json\/wp\/v2\/tags?post=84652"}],"curies":[{"name":"wp","href":"https:\/\/api.w.org\/{rel}","templated":true}]}}