{"id":8469,"date":"2022-04-02T12:51:34","date_gmt":"2022-04-02T12:51:34","guid":{"rendered":"https:\/\/rdnews.al\/?p=8469"},"modified":"2022-04-02T12:51:34","modified_gmt":"2022-04-02T12:51:34","slug":"berisha-arrestuan-bllakon-ne-nje-kohe-kur-firmat-i-kane-vene-rama-agaci-ahmetaj-e-veliaj","status":"publish","type":"post","link":"https:\/\/rdnews.al\/index.php\/2022\/04\/02\/berisha-arrestuan-bllakon-ne-nje-kohe-kur-firmat-i-kane-vene-rama-agaci-ahmetaj-e-veliaj\/","title":{"rendered":"Berisha: Arrestuan Bllakon, n\u00eb nj\u00eb koh\u00eb kur firmat i kan\u00eb v\u00ebn\u00eb Rama, Aga\u00e7i, Ahmetaj e Veliaj!"},"content":{"rendered":"<p>Ish-Kryeministri Sali Berisha ka folur sot edhe p\u00ebr skandalin e incenerator\u00ebve, afer\u00ebn korruptive q\u00eb ka \u00e7uar n\u00eb dhjet\u00ebra arrestime zyrtar\u00ebsh, deri edhe deputet\u00eb. Nga Shkodra, n\u00eb nj\u00eb bashk\u00ebbisedim me gazetar\u00eb, Berisha hodhi posht\u00eb pretendimet e krer\u00ebve t\u00eb qeveris\u00eb se p\u00ebrgjegj\u00ebsit\u00eb n\u00eb k\u00ebt\u00eb afer\u00eb korruptive jan\u00eb individuale.<\/p>\n<p>\u201cSot jemi n\u00eb kushte shum\u00eb t\u00eb v\u00ebshtira por t\u00eb kap\u00ebrcyeshme, sepse sot kemi nj\u00eb organizat\u00eb kriminale. Le t\u00eb thot\u00eb \u00e7\u2019t\u00eb doj\u00eb, se e kam d\u00ebgjuar se i djeg shum\u00eb kjo fjal\u00eb, por nuk ka m\u00eb kriminale&#8230;<\/p>\n<p>Kan\u00eb arrestuar Alqi Bllakon, n\u00eb nj\u00eb koh\u00eb kur firm\u00ebn e ka vendosur Edi Rama, e ka vendosur Engj\u00ebll Aga\u00e7i, e ka vendosur Arben Ahmetaj, e ka vendosur Erion Veliaj, e kan\u00eb vendosur ministrat.<\/p>\n<p>E tani duan t\u00eb thon\u00eb se \u00ebsht\u00eb individuale. Jo! Kan\u00eb dal\u00eb n\u00eb drit\u00ebn e diellit si\u00e7 jan\u00eb organizat\u00eb kriminale, plot\u00ebsojn\u00eb t\u00eb gjitha kriteret ligjore p\u00ebr t\u00eb qen\u00eb t\u00eb till\u00eb. Ne nuk kemi pasur dyshim fare, por kjo afer\u00eb i nxori si\u00e7 jan\u00eb dhe ju siguroj se kjo \u00ebsht\u00eb vet\u00ebm nj\u00ebra nga aferat e tyre.<\/p>\n<p>Ajo q\u00eb po b\u00ebjn\u00eb me energjin\u00eb at\u00eb, \u00ebsht\u00eb jasht\u00eb \u00e7do imagjinate, jasht\u00eb \u00e7do imagjinate! Jan\u00eb l\u00ebshuar mbi pasurit\u00eb publike sikur t\u00eb ishte pron\u00eb e tyre. B\u00ebjn\u00eb marr\u00ebveshje mafioze me njeri-tjetrin.<\/p>\n<p>\u00cbsht\u00eb nj\u00eb revolucion q\u00eb duhet t\u2019i jap\u00eb p\u00ebrgjigje k\u00ebsaj klike!\u201d, u shpreh Berisha.<\/p>\n","protected":false},"excerpt":{"rendered":"<p>Ish-Kryeministri Sali Berisha ka folur sot edhe p\u00ebr skandalin e incenerator\u00ebve, afer\u00ebn korruptive q\u00eb ka \u00e7uar n\u00eb dhjet\u00ebra arrestime zyrtar\u00ebsh, deri edhe deputet\u00eb. Nga Shkodra, n\u00eb nj\u00eb bashk\u00ebbisedim me gazetar\u00eb, Berisha hodhi posht\u00eb pretendimet e krer\u00ebve t\u00eb qeveris\u00eb se p\u00ebrgjegj\u00ebsit\u00eb n\u00eb k\u00ebt\u00eb afer\u00eb korruptive jan\u00eb individuale. \u201cSot jemi n\u00eb kushte shum\u00eb t\u00eb v\u00ebshtira por t\u00eb &hellip;<\/p>\n","protected":false},"author":4,"featured_media":8470,"comment_status":"open","ping_status":"open","sticky":false,"template":"","format":"standard","meta":{"footnotes":""},"categories":[40],"tags":[],"class_list":["post-8469","post","type-post","status-publish","format-standard","has-post-thumbnail","","category-aktualitet"],"_links":{"self":[{"href":"https:\/\/rdnews.al\/index.php\/wp-json\/wp\/v2\/posts\/8469","targetHints":{"allow":["GET"]}}],"collection":[{"href":"https:\/\/rdnews.al\/index.php\/wp-json\/wp\/v2\/posts"}],"about":[{"href":"https:\/\/rdnews.al\/index.php\/wp-json\/wp\/v2\/types\/post"}],"author":[{"embeddable":true,"href":"https:\/\/rdnews.al\/index.php\/wp-json\/wp\/v2\/users\/4"}],"replies":[{"embeddable":true,"href":"https:\/\/rdnews.al\/index.php\/wp-json\/wp\/v2\/comments?post=8469"}],"version-history":[{"count":0,"href":"https:\/\/rdnews.al\/index.php\/wp-json\/wp\/v2\/posts\/8469\/revisions"}],"wp:featuredmedia":[{"embeddable":true,"href":"https:\/\/rdnews.al\/index.php\/wp-json\/wp\/v2\/media\/8470"}],"wp:attachment":[{"href":"https:\/\/rdnews.al\/index.php\/wp-json\/wp\/v2\/media?parent=8469"}],"wp:term":[{"taxonomy":"category","embeddable":true,"href":"https:\/\/rdnews.al\/index.php\/wp-json\/wp\/v2\/categories?post=8469"},{"taxonomy":"post_tag","embeddable":true,"href":"https:\/\/rdnews.al\/index.php\/wp-json\/wp\/v2\/tags?post=8469"}],"curies":[{"name":"wp","href":"https:\/\/api.w.org\/{rel}","templated":true}]}}