{"id":84694,"date":"2024-07-17T10:42:01","date_gmt":"2024-07-17T10:42:01","guid":{"rendered":"https:\/\/rdnews.al\/?p=84694"},"modified":"2024-07-17T10:42:01","modified_gmt":"2024-07-17T10:42:01","slug":"vokshi-fico-dha-urdher-per-te-ndryshuar-ne-sistem-datat-e-skadences-se-ilacve","status":"publish","type":"post","link":"https:\/\/rdnews.al\/index.php\/2024\/07\/17\/vokshi-fico-dha-urdher-per-te-ndryshuar-ne-sistem-datat-e-skadences-se-ilacve\/","title":{"rendered":"Vokshi: Fico dha urdh\u00ebr p\u00ebr t\u00eb ndryshuar n\u00eb sistem datat e skadenc\u00ebs s\u00eb ila\u00e7ve!"},"content":{"rendered":"<p>Debate t\u00eb ashpra jan\u00eb zhvilluar n\u00eb Komisionin e Sh\u00ebndet\u00ebsis\u00eb, teksa deputetja e PD, Albana Vokshi b\u00ebri nj\u00eb akuz\u00eb t\u00eb fort\u00eb ku tha se \u00ebsht\u00eb nd\u00ebrhyr\u00eb n\u00eb sistem me urdh\u00ebr t\u00eb ish-drejtoresh\u00ebs s\u00eb QSUT, Albana Fico, p\u00ebr t\u00eb hequr skadenc\u00ebs s\u00eb ila\u00e7eve.<\/p>\n<p>\u201cN\u00eb informacionin q\u00eb un\u00eb kam e ka b\u00ebr\u00eb ish-drejtoresha e QSUT, Albana Fico, e ka urdh\u00ebruar personalisht ajo vet\u00eb heqjen e dat\u00ebs s\u00eb skadenc\u00ebs, duhet t\u00eb shkoj\u00eb para drejt\u00ebsis\u00eb kushdo q\u00eb e ka b\u00ebr\u00eb\u201d, u shpreh ligjv\u00ebn\u00ebsja demokrate.<\/p>\n<p>Por Vokshi \u00ebsht\u00eb p\u00ebrplasur me deputet e maxhoranc\u00ebs q\u00eb cil\u00ebt jan\u00eb shprehur se deklaratat e saj jan\u00eb mashtrime dhe se po p\u00ebrhapte panik.<\/p>\n<p><strong>Debati<\/strong><\/p>\n<p><strong>Albana Vokshi:<\/strong> A ka sasi t\u00eb skaduara tani q\u00eb ne flasim n\u00eb QSUT? Cila farmaci e ka n\u00eb ngarkim dhe a keni nd\u00ebrhyr\u00eb ju n\u00eb sistem p\u00ebr t\u00eb hequr dat\u00ebn e skadenc\u00ebs q\u00eb ka qen\u00eb 31 dhjetor i k\u00ebtij medikamenti p\u00ebr ta rifutur prap\u00eb n\u00eb sistem? N\u00ebse ju nd\u00ebrhyni n\u00eb sistem p\u00ebr t\u00eb hequr datat e skandenc\u00ebs, ky do t\u00eb ishte nj\u00eb skandal dhe kushdo q\u00eb e ka urdh\u00ebruar, n\u00eb informacionin q\u00eb un\u00eb kam e ka b\u00ebr\u00eb ish-drejtoresha e QSUT, Albana Fico, e ka urdh\u00ebruar personalisht ajo vet\u00eb heqjen e dat\u00ebs s\u00eb skadenc\u00ebs, duhet t\u00eb shkoj\u00eb para drejt\u00ebsis\u00eb kushdo q\u00eb e ka b\u00ebr\u00eb. \u00cbsht\u00eb kriminale, por un\u00eb do t\u2019ua v\u00ebrtetoj, po pyes ministren<\/p>\n<p><strong><span style=\"font-style: inherit;\">Nd\u00ebrhyn Ilirian Pendavinji:\u00a0<\/span><\/strong>Po qet\u00ebsohu, ulu. Se \u00ebsht\u00eb skandal kjo q\u00eb po them.<\/p>\n<p><strong>Ilirian Pendavinji:<\/strong> Duhet t\u00eb thuash ku e ke marr\u00eb informacionin.<\/p>\n<p><strong>Albana Vokshi:<\/strong> Po pyes ministren se ajo duhet ta kontrolloj\u00eb. N\u00eb vend q\u00eb t\u2019i thuash ministres \u00e7far\u00eb po b\u00ebn, m\u00eb thua mua q\u00eb mos fol. Hesht, mos u b\u00ebni mbrojt\u00ebs t\u00eb k\u00ebtyre skandaleve kriminale dhe m\u00eb l\u00ebr t\u00eb flas.<\/p>\n<p><strong>Nd\u00ebrhyn:<\/strong> K\u00ebrkoni ndjes\u00eb.<\/p>\n<p><strong>Albana Vokshi<\/strong>: Kjo q\u00eb thash\u00eb \u00ebsht\u00eb skandal n\u00ebse \u00ebsht\u00eb e v\u00ebrtet\u00eb. Ka edhe m\u00eb shum\u00eb, por ju i fshini! Hesht pra!<\/p>\n<p><strong>Ilir Metaj:<\/strong> K\u00ebrko ndjes\u00eb.<\/p>\n<p><strong>Albana Vokshi:<\/strong> \u00cbsht\u00eb turp t\u00eb b\u00ebheni mbrojt\u00ebs t\u00eb k\u00ebtij korrupsioni dhe abuzimi skandaloz. Un\u00eb them \u00ebsht\u00eb nd\u00ebrhyr\u00eb n\u00eb sistem p\u00ebr t\u00eb hequr dat\u00ebn e skandenc\u00ebs<\/p>\n<p><strong>Ilir Metaj:<\/strong> Mashtrove.<\/p>\n<p><strong>Albana Vokshi:<\/strong> Nuk kam mashtruar! Ose nxirre p\u00ebrjashta, ose heqi t\u00eb drejt\u00ebn e fjal\u00ebs. A jeni prind\u00ebr.<\/p>\n<p><strong>Ilir Metaj:<\/strong> L\u00ebri etik\u00ebn, por mos mashtro.<\/p>\n<p>Nd\u00ebrhyn maxhoranca.<\/p>\n<p><strong>Albana Vokshi:<\/strong> Do t\u2019ua tregoj ndotjen akustike, prisni. Mor\u00ebn urdhrin p\u00ebr t\u00eb b\u00ebr\u00eb zhurm\u00eb. Ministrja duhet t\u00eb kishte dh\u00ebn\u00eb dor\u00ebheqjen, s\u2019duhet t\u00eb ishte k\u00ebtu.<\/p>\n<p>A keni ju rifutur n\u00eb sistem nj\u00eb sasi prej 1137 flakon\u00eb duke hequr dat\u00ebn e skadenc\u00ebs?<\/p>\n<p>Mbani sh\u00ebnim se ka edhe skandale t\u00eb tjera.<\/p>\n<p><strong>Ilir Metaj:<\/strong> Po p\u00ebrhap panik.<\/p>\n<p><strong>Albana Vokshi:<\/strong> Mbaj p\u00ebrgjegj\u00ebsi. Nuk m\u00eb b\u00ebni do t\u00eb hesht (U drejtohet maxhoranc\u00ebs) K\u00ebto po mbjellin vdekjen.<\/p>\n","protected":false},"excerpt":{"rendered":"<p>Debate t\u00eb ashpra jan\u00eb zhvilluar n\u00eb Komisionin e Sh\u00ebndet\u00ebsis\u00eb, teksa deputetja e PD, Albana Vokshi b\u00ebri nj\u00eb akuz\u00eb t\u00eb fort\u00eb ku tha se \u00ebsht\u00eb nd\u00ebrhyr\u00eb n\u00eb sistem me urdh\u00ebr t\u00eb ish-drejtoresh\u00ebs s\u00eb QSUT, Albana Fico, p\u00ebr t\u00eb hequr skadenc\u00ebs s\u00eb ila\u00e7eve. \u201cN\u00eb informacionin q\u00eb un\u00eb kam e ka b\u00ebr\u00eb ish-drejtoresha e QSUT, Albana Fico, e &hellip;<\/p>\n","protected":false},"author":4,"featured_media":84695,"comment_status":"closed","ping_status":"closed","sticky":false,"template":"","format":"standard","meta":{"footnotes":""},"categories":[37],"tags":[],"class_list":["post-84694","post","type-post","status-publish","format-standard","has-post-thumbnail","","category-politike"],"_links":{"self":[{"href":"https:\/\/rdnews.al\/index.php\/wp-json\/wp\/v2\/posts\/84694","targetHints":{"allow":["GET"]}}],"collection":[{"href":"https:\/\/rdnews.al\/index.php\/wp-json\/wp\/v2\/posts"}],"about":[{"href":"https:\/\/rdnews.al\/index.php\/wp-json\/wp\/v2\/types\/post"}],"author":[{"embeddable":true,"href":"https:\/\/rdnews.al\/index.php\/wp-json\/wp\/v2\/users\/4"}],"replies":[{"embeddable":true,"href":"https:\/\/rdnews.al\/index.php\/wp-json\/wp\/v2\/comments?post=84694"}],"version-history":[{"count":0,"href":"https:\/\/rdnews.al\/index.php\/wp-json\/wp\/v2\/posts\/84694\/revisions"}],"wp:featuredmedia":[{"embeddable":true,"href":"https:\/\/rdnews.al\/index.php\/wp-json\/wp\/v2\/media\/84695"}],"wp:attachment":[{"href":"https:\/\/rdnews.al\/index.php\/wp-json\/wp\/v2\/media?parent=84694"}],"wp:term":[{"taxonomy":"category","embeddable":true,"href":"https:\/\/rdnews.al\/index.php\/wp-json\/wp\/v2\/categories?post=84694"},{"taxonomy":"post_tag","embeddable":true,"href":"https:\/\/rdnews.al\/index.php\/wp-json\/wp\/v2\/tags?post=84694"}],"curies":[{"name":"wp","href":"https:\/\/api.w.org\/{rel}","templated":true}]}}