{"id":84697,"date":"2024-07-17T10:48:19","date_gmt":"2024-07-17T10:48:19","guid":{"rendered":"https:\/\/rdnews.al\/?p=84697"},"modified":"2024-07-17T11:20:57","modified_gmt":"2024-07-17T11:20:57","slug":"deshtimi-me-sezonin-turistik-rama-sulmon-vlonjatet-u-kane-dale-syte-dhe-trute","status":"publish","type":"post","link":"https:\/\/rdnews.al\/index.php\/2024\/07\/17\/deshtimi-me-sezonin-turistik-rama-sulmon-vlonjatet-u-kane-dale-syte-dhe-trute\/","title":{"rendered":"D\u00ebshtimi me sezonin turistik, Rama sulmon vlonjat\u00ebt: U kan\u00eb dal\u00eb syt\u00eb dhe trut\u00eb&#8230;"},"content":{"rendered":"<p>Gjat\u00eb fjal\u00ebs s\u00eb mbajtur para kryebashkiak\u00ebve, kryeministri Edi Rama pas lavdeve se ka rritje t\u00eb turizmit ndryshe nga situata q\u00eb konstatohet n\u00eb terren, pati ankesa sa i p\u00ebrket rritjes s\u00eb \u00e7mimeve n\u00eb jug t\u00eb vendit.<\/p>\n<p>Pavar\u00ebsisht se pranoi q\u00eb qeveria nuk mund t\u2019i imponoj\u00eb \u00e7mimet operator\u00ebve turistik\u00eb, Rama u k\u00ebrkoi kryebashkiak\u00ebve t\u00eb Vlor\u00ebs dhe t\u00eb Sarand\u00ebs q\u00eb t\u2019i k\u00ebshillojn\u00eb bizneset n\u00eb Jug q\u00eb t\u00eb ndalin rritjen e palogjikshme t\u00eb \u00e7mimeve.<\/p>\n<p>Sipas Ram\u00ebs, ajo q\u00eb po ndodh n\u00eb plazhet e rivier\u00ebs shqiptare \u00ebsht\u00eb nj\u00eb vet\u00ebvrasje n\u00eb terma ekonomik\u00eb, pasojat e s\u00eb cil\u00ebs do t\u00eb ndihen m\u00eb shum\u00eb n\u00eb sezonet e ardhshme turistike.<\/p>\n<p>Kreu i qeveris\u00eb u ndal n\u00eb ve\u00e7anti te ajo q\u00eb po ndodh me \u00e7mimet n\u00eb Vlor\u00eb, duke th\u00ebn\u00eb se, vlonjat\u00ebve iu ka dal\u00eb syri, nami dhe trut\u00eb, ndaj me k\u00ebt\u00eb strategji q\u00eb po ndjekin do t\u00eb bien n\u00eb grop\u00ebn e gjoksit t\u00eb tyre.<\/p>\n","protected":false},"excerpt":{"rendered":"<p>Gjat\u00eb fjal\u00ebs s\u00eb mbajtur para kryebashkiak\u00ebve, kryeministri Edi Rama pas lavdeve se ka rritje t\u00eb turizmit ndryshe nga situata q\u00eb konstatohet n\u00eb terren, pati ankesa sa i p\u00ebrket rritjes s\u00eb \u00e7mimeve n\u00eb jug t\u00eb vendit. Pavar\u00ebsisht se pranoi q\u00eb qeveria nuk mund t\u2019i imponoj\u00eb \u00e7mimet operator\u00ebve turistik\u00eb, Rama u k\u00ebrkoi kryebashkiak\u00ebve t\u00eb Vlor\u00ebs dhe t\u00eb &hellip;<\/p>\n","protected":false},"author":4,"featured_media":84698,"comment_status":"closed","ping_status":"closed","sticky":false,"template":"","format":"standard","meta":{"footnotes":""},"categories":[37],"tags":[],"class_list":["post-84697","post","type-post","status-publish","format-standard","has-post-thumbnail","","category-politike"],"_links":{"self":[{"href":"https:\/\/rdnews.al\/index.php\/wp-json\/wp\/v2\/posts\/84697","targetHints":{"allow":["GET"]}}],"collection":[{"href":"https:\/\/rdnews.al\/index.php\/wp-json\/wp\/v2\/posts"}],"about":[{"href":"https:\/\/rdnews.al\/index.php\/wp-json\/wp\/v2\/types\/post"}],"author":[{"embeddable":true,"href":"https:\/\/rdnews.al\/index.php\/wp-json\/wp\/v2\/users\/4"}],"replies":[{"embeddable":true,"href":"https:\/\/rdnews.al\/index.php\/wp-json\/wp\/v2\/comments?post=84697"}],"version-history":[{"count":0,"href":"https:\/\/rdnews.al\/index.php\/wp-json\/wp\/v2\/posts\/84697\/revisions"}],"wp:featuredmedia":[{"embeddable":true,"href":"https:\/\/rdnews.al\/index.php\/wp-json\/wp\/v2\/media\/84698"}],"wp:attachment":[{"href":"https:\/\/rdnews.al\/index.php\/wp-json\/wp\/v2\/media?parent=84697"}],"wp:term":[{"taxonomy":"category","embeddable":true,"href":"https:\/\/rdnews.al\/index.php\/wp-json\/wp\/v2\/categories?post=84697"},{"taxonomy":"post_tag","embeddable":true,"href":"https:\/\/rdnews.al\/index.php\/wp-json\/wp\/v2\/tags?post=84697"}],"curies":[{"name":"wp","href":"https:\/\/api.w.org\/{rel}","templated":true}]}}