{"id":84768,"date":"2024-07-18T08:27:13","date_gmt":"2024-07-18T08:27:13","guid":{"rendered":"https:\/\/rdnews.al\/?p=84768"},"modified":"2024-07-18T08:47:53","modified_gmt":"2024-07-18T08:47:53","slug":"perplasja-bellingham-southgate-ne-finalen-e-europianit-zbulohen-prapaskenat","status":"publish","type":"post","link":"https:\/\/rdnews.al\/index.php\/2024\/07\/18\/perplasja-bellingham-southgate-ne-finalen-e-europianit-zbulohen-prapaskenat\/","title":{"rendered":"P\u00ebrplasja Bellingham-Southgate n\u00eb finalen e Europianit, zbulohen prapaskenat"},"content":{"rendered":"<p>Garet Sauthgejt ka treguar se i beson verb\u00ebrisht disa futbollist\u00ebve edhe kur ata jan\u00eb jasht\u00eb forme. Kjo u pa qart\u00ebsisht edhe n\u00eb finalen e Europianit kund\u00ebr Spanj\u00ebs.<\/p>\n<p>Q\u00ebndrimi n\u00eb fush\u00ebn e loj\u00ebs i Herri Kejn, duksh\u00ebm jasht\u00eb forme, ua b\u00ebri m\u00eb t\u00eb leht\u00eb spanjoll\u00ebve faz\u00ebn mbrojt\u00ebse dhe kjo situat\u00eb tensionoi edhe vet\u00eb lojtar\u00ebt anglez\u00eb. Gazetari i \u201cESPN\u201d, Mark Ogden, b\u00ebri t\u00eb ditur se duke qen\u00eb pran\u00eb pankinave n\u00eb fush\u00eb, kishte par\u00eb nj\u00eb shk\u00ebmbim aspak miq\u00ebsor mes Bellingam dhe Sauthgejt gjat\u00eb pjes\u00ebs s\u00eb dyt\u00eb t\u00eb ndeshjes, ku sipas tij, futbollist kishte shp\u00ebrthyer kund\u00ebr trajnerit q\u00eb nuk po b\u00ebnte asnj\u00eb l\u00ebvizje taktike.<\/p>\n<p>\u201cPak para se Kejn t\u00eb hiqej nga loja, Bellingam e humbi toruan me Garet Sauthgejt n\u00eb an\u00eb t\u00eb fush\u00ebs, duke i sinjalizuar: \u2018Ndrysho di\u00e7ka, b\u00ebj di\u00e7ka\u201d dhe pastaj Kejn u hoq nga fusha. Sapo Kejn doli dhe Uotkins u fut e pastaj edhe Kol Palmer, Anglia luajti shum\u00eb m\u00eb mir\u00eb\u201d, shpjegoi gazetari momentin kur Bellingam tregoi pak\u00ebnaq\u00ebsin\u00eb e tij ndaj trajnerit, i cili tashm\u00eb shihet si nj\u00eb sinjal se grupi i futbollist\u00ebve ka humbur besimin te ky i fundit.<\/p>\n","protected":false},"excerpt":{"rendered":"<p>Garet Sauthgejt ka treguar se i beson verb\u00ebrisht disa futbollist\u00ebve edhe kur ata jan\u00eb jasht\u00eb forme. Kjo u pa qart\u00ebsisht edhe n\u00eb finalen e Europianit kund\u00ebr Spanj\u00ebs. Q\u00ebndrimi n\u00eb fush\u00ebn e loj\u00ebs i Herri Kejn, duksh\u00ebm jasht\u00eb forme, ua b\u00ebri m\u00eb t\u00eb leht\u00eb spanjoll\u00ebve faz\u00ebn mbrojt\u00ebse dhe kjo situat\u00eb tensionoi edhe vet\u00eb lojtar\u00ebt anglez\u00eb. Gazetari &hellip;<\/p>\n","protected":false},"author":4,"featured_media":84769,"comment_status":"closed","ping_status":"closed","sticky":false,"template":"","format":"standard","meta":{"footnotes":""},"categories":[39],"tags":[],"class_list":["post-84768","post","type-post","status-publish","format-standard","has-post-thumbnail","","category-sport"],"_links":{"self":[{"href":"https:\/\/rdnews.al\/index.php\/wp-json\/wp\/v2\/posts\/84768","targetHints":{"allow":["GET"]}}],"collection":[{"href":"https:\/\/rdnews.al\/index.php\/wp-json\/wp\/v2\/posts"}],"about":[{"href":"https:\/\/rdnews.al\/index.php\/wp-json\/wp\/v2\/types\/post"}],"author":[{"embeddable":true,"href":"https:\/\/rdnews.al\/index.php\/wp-json\/wp\/v2\/users\/4"}],"replies":[{"embeddable":true,"href":"https:\/\/rdnews.al\/index.php\/wp-json\/wp\/v2\/comments?post=84768"}],"version-history":[{"count":0,"href":"https:\/\/rdnews.al\/index.php\/wp-json\/wp\/v2\/posts\/84768\/revisions"}],"wp:featuredmedia":[{"embeddable":true,"href":"https:\/\/rdnews.al\/index.php\/wp-json\/wp\/v2\/media\/84769"}],"wp:attachment":[{"href":"https:\/\/rdnews.al\/index.php\/wp-json\/wp\/v2\/media?parent=84768"}],"wp:term":[{"taxonomy":"category","embeddable":true,"href":"https:\/\/rdnews.al\/index.php\/wp-json\/wp\/v2\/categories?post=84768"},{"taxonomy":"post_tag","embeddable":true,"href":"https:\/\/rdnews.al\/index.php\/wp-json\/wp\/v2\/tags?post=84768"}],"curies":[{"name":"wp","href":"https:\/\/api.w.org\/{rel}","templated":true}]}}