{"id":84794,"date":"2024-07-18T09:48:06","date_gmt":"2024-07-18T09:48:06","guid":{"rendered":"https:\/\/rdnews.al\/?p=84794"},"modified":"2024-07-18T09:48:06","modified_gmt":"2024-07-18T09:48:06","slug":"teliti-populli-i-11-korrikut-foli-nuk-ka-amnisti-per-keta-hajdute","status":"publish","type":"post","link":"https:\/\/rdnews.al\/index.php\/2024\/07\/18\/teliti-populli-i-11-korrikut-foli-nuk-ka-amnisti-per-keta-hajdute\/","title":{"rendered":"Teliti: Populli i 11 korrikut foli, nuk ka amnisti p\u00ebr k\u00ebta hajdut\u00eb!"},"content":{"rendered":"<p>N\u00ebnkryetari i K\u00ebshillit Bashkiak t\u00eb Tiran\u00ebs, Dorian Teliti n\u00eb fjal\u00ebn tij p\u00ebrpara protestuesve \u00ebsht\u00eb shprehur se nuk do t\u00eb ket\u00eb amnisti p\u00ebr ata q\u00eb kan\u00eb abuzuar me fondet e qytetar\u00ebve t\u00eb Tiran\u00ebs dhe Shqip\u00ebris\u00eb.<\/p>\n<p>Teliti theksoi se populli ka folur qart\u00eb me 11 korrik ku u dynd n\u00eb shesh p\u00ebr t\u00eb rikthyer demokracin\u00eb dhe lirin\u00eb p\u00ebr Shqip\u00ebrin\u00eb.<\/p>\n<p>&#8220;Si sot nj\u00eb jav\u00eb m\u00eb par\u00eb Tirana dhe Shqip\u00ebria foli qart\u00eb dhe forte q\u00eb ne jemi n\u00eb k\u00ebmb\u00eb dhe do t\u00eb q\u00ebndrojm\u00eb fort\u00eb p\u00ebr lirin\u00eb dhe demokracin\u00eb. Populli i Shqip\u00ebris\u00eb dhe i Tiran\u00ebs amnisti p\u00ebr klientelizmin dhe korrupsionin nuk b\u00ebn, nuk ka manitit p\u00ebr 131 milion\u00eb euro t\u00eb zhdukur me vjedhjen e eincenerator\u00ebve.<\/p>\n<p>Nuk do t\u00eb ket\u00eb amnisti p\u00ebr drejtor\u00ebt e 5 D t\u00eb cil\u00ebt mor\u00ebn 30 milion\u00eb euro nga taksat e qytetar\u00ebve. Nuk do t\u00eb ket\u00eb kurr\u00eb amnisti p\u00ebr t\u00eb gjith\u00eb ata q\u00eb taksat e qytetar\u00ebve u keqp\u00ebrdor\u00ebn dhe nuk u kthyen n\u00eb mir\u00ebsi p\u00ebr qytetar\u00ebt. Nuk do t\u00eb ket\u00eb amnisti p\u00ebr ata q\u00eb rritin bilet\u00ebn e autobusit me 33% madhe dhe sh\u00ebrbimi i tyre \u00ebsht\u00eb \u00eb skandaloz se kurr\u00eb.<\/p>\n<p>Nuk ka amnisti p\u00ebr ata policis\u00eb q\u00eb pengojn\u00eb an\u00ebtar\u00ebt e k\u00ebshillit bashkiak t\u00eb b\u00ebjn\u00eb detyr\u00ebn e tyre. nuk ka amnisti p\u00ebr ata q\u00eb kan\u00eb l\u00ebn\u00eb f\u00ebmij\u00ebt pa kopshte dhe shkolla dhe vjedhin t\u00eb ardhmen e\u00a0 tyre.<\/p>\n<p>Ashtu si populli i 11 korrikut foli n\u00eb shesh dhe ashtu si ne po flasim sot k\u00ebtu duhet ta din\u00eb se amnisti p\u00ebr k\u00ebta hajdut\u00eb q\u00eb kan\u00eb abuzuar me t\u00eb gjith\u00eb Shqip\u00ebri nuk do t\u00eb ket\u00eb&#8221;, tha Teliti.<\/p>\n","protected":false},"excerpt":{"rendered":"<p>N\u00ebnkryetari i K\u00ebshillit Bashkiak t\u00eb Tiran\u00ebs, Dorian Teliti n\u00eb fjal\u00ebn tij p\u00ebrpara protestuesve \u00ebsht\u00eb shprehur se nuk do t\u00eb ket\u00eb amnisti p\u00ebr ata q\u00eb kan\u00eb abuzuar me fondet e qytetar\u00ebve t\u00eb Tiran\u00ebs dhe Shqip\u00ebris\u00eb. Teliti theksoi se populli ka folur qart\u00eb me 11 korrik ku u dynd n\u00eb shesh p\u00ebr t\u00eb rikthyer demokracin\u00eb dhe lirin\u00eb &hellip;<\/p>\n","protected":false},"author":4,"featured_media":84795,"comment_status":"closed","ping_status":"closed","sticky":false,"template":"","format":"standard","meta":{"footnotes":""},"categories":[37],"tags":[],"class_list":["post-84794","post","type-post","status-publish","format-standard","has-post-thumbnail","","category-politike"],"_links":{"self":[{"href":"https:\/\/rdnews.al\/index.php\/wp-json\/wp\/v2\/posts\/84794","targetHints":{"allow":["GET"]}}],"collection":[{"href":"https:\/\/rdnews.al\/index.php\/wp-json\/wp\/v2\/posts"}],"about":[{"href":"https:\/\/rdnews.al\/index.php\/wp-json\/wp\/v2\/types\/post"}],"author":[{"embeddable":true,"href":"https:\/\/rdnews.al\/index.php\/wp-json\/wp\/v2\/users\/4"}],"replies":[{"embeddable":true,"href":"https:\/\/rdnews.al\/index.php\/wp-json\/wp\/v2\/comments?post=84794"}],"version-history":[{"count":0,"href":"https:\/\/rdnews.al\/index.php\/wp-json\/wp\/v2\/posts\/84794\/revisions"}],"wp:featuredmedia":[{"embeddable":true,"href":"https:\/\/rdnews.al\/index.php\/wp-json\/wp\/v2\/media\/84795"}],"wp:attachment":[{"href":"https:\/\/rdnews.al\/index.php\/wp-json\/wp\/v2\/media?parent=84794"}],"wp:term":[{"taxonomy":"category","embeddable":true,"href":"https:\/\/rdnews.al\/index.php\/wp-json\/wp\/v2\/categories?post=84794"},{"taxonomy":"post_tag","embeddable":true,"href":"https:\/\/rdnews.al\/index.php\/wp-json\/wp\/v2\/tags?post=84794"}],"curies":[{"name":"wp","href":"https:\/\/api.w.org\/{rel}","templated":true}]}}