{"id":84896,"date":"2024-07-19T10:15:37","date_gmt":"2024-07-19T10:15:37","guid":{"rendered":"https:\/\/rdnews.al\/?p=84896"},"modified":"2024-07-19T10:15:37","modified_gmt":"2024-07-19T10:15:37","slug":"procesi-politik-shtyhet-serish-seanca-per-liderin-e-opozites-sali-berisha","status":"publish","type":"post","link":"https:\/\/rdnews.al\/index.php\/2024\/07\/19\/procesi-politik-shtyhet-serish-seanca-per-liderin-e-opozites-sali-berisha\/","title":{"rendered":"Procesi politik\/ Shtyhet s\u00ebrish seanca p\u00ebr liderin e opozit\u00ebs Sali Berisha"},"content":{"rendered":"<p>Shtyhet s\u00ebrish seanca p\u00ebr liderin e opozit\u00ebs Sali Berisha dhe Jamarb\u00ebr Malltezin p\u00ebr m\u00eb 30 korrik, ku Gjykata e Posa\u00e7me do t\u00eb shprehet mbi disa k\u00ebrkesa t\u00eb Prokuroris\u00eb si dhe t\u00eb avokat\u00ebve.<\/p>\n<p>Avokat\u00ebt k\u00ebrkuan pap\u00ebrdorshm\u00ebri dhe pavlefshm\u00ebri t\u00eb provave. Ata gjithashtu p\u00ebrs\u00ebrit\u00ebn k\u00ebrkes\u00ebn p\u00ebr revokim t\u00eb masave t\u00eb siguris\u00eb p\u00ebr shkak se sipas tyre, nuk ekzistojn\u00eb kushtet dhe kriteret p\u00ebr nj\u00eb mas\u00eb t\u00eb till\u00eb si arresti n\u00eb sht\u00ebpi.<\/p>\n<p>Nd\u00ebrkoh\u00eb q\u00eb SPAK insistoi n\u00eb vijimin e masave t\u00eb siguris\u00eb q\u00eb jan\u00eb n\u00eb fuqi.<\/p>\n<p>N\u00eb lidhje me fashikujt hetimor, Prokuroria tha se do i v\u00ebr\u00eb n\u00eb dispozicion t\u00eb pal\u00ebve, n\u00eb m\u00ebnyr\u00eb elektronike.<\/p>\n<p>N\u00eb seanc\u00ebn e sotme nuk u paraqit avokati i Berish\u00ebs Genc Gjokutaj, p\u00ebr shkaqe sh\u00ebndet\u00ebsore, teksa mbrojtja u b\u00eb me prokur\u00eb t\u00eb posa\u00e7me nga avokatja Klodiana Gjyzari.<\/p>\n<p>Disa dit\u00eb m\u00eb par\u00eb, gjykata vendosi t\u00eb pranoj\u00eb k\u00ebrkes\u00ebn e SPAK, p\u00ebr zgjatje t\u00eb hetimeve me afat 3 mujor.<\/p>\n","protected":false},"excerpt":{"rendered":"<p>Shtyhet s\u00ebrish seanca p\u00ebr liderin e opozit\u00ebs Sali Berisha dhe Jamarb\u00ebr Malltezin p\u00ebr m\u00eb 30 korrik, ku Gjykata e Posa\u00e7me do t\u00eb shprehet mbi disa k\u00ebrkesa t\u00eb Prokuroris\u00eb si dhe t\u00eb avokat\u00ebve. Avokat\u00ebt k\u00ebrkuan pap\u00ebrdorshm\u00ebri dhe pavlefshm\u00ebri t\u00eb provave. Ata gjithashtu p\u00ebrs\u00ebrit\u00ebn k\u00ebrkes\u00ebn p\u00ebr revokim t\u00eb masave t\u00eb siguris\u00eb p\u00ebr shkak se sipas tyre, nuk &hellip;<\/p>\n","protected":false},"author":4,"featured_media":69428,"comment_status":"closed","ping_status":"closed","sticky":false,"template":"","format":"standard","meta":{"footnotes":""},"categories":[37],"tags":[],"class_list":["post-84896","post","type-post","status-publish","format-standard","has-post-thumbnail","","category-politike"],"_links":{"self":[{"href":"https:\/\/rdnews.al\/index.php\/wp-json\/wp\/v2\/posts\/84896","targetHints":{"allow":["GET"]}}],"collection":[{"href":"https:\/\/rdnews.al\/index.php\/wp-json\/wp\/v2\/posts"}],"about":[{"href":"https:\/\/rdnews.al\/index.php\/wp-json\/wp\/v2\/types\/post"}],"author":[{"embeddable":true,"href":"https:\/\/rdnews.al\/index.php\/wp-json\/wp\/v2\/users\/4"}],"replies":[{"embeddable":true,"href":"https:\/\/rdnews.al\/index.php\/wp-json\/wp\/v2\/comments?post=84896"}],"version-history":[{"count":0,"href":"https:\/\/rdnews.al\/index.php\/wp-json\/wp\/v2\/posts\/84896\/revisions"}],"wp:featuredmedia":[{"embeddable":true,"href":"https:\/\/rdnews.al\/index.php\/wp-json\/wp\/v2\/media\/69428"}],"wp:attachment":[{"href":"https:\/\/rdnews.al\/index.php\/wp-json\/wp\/v2\/media?parent=84896"}],"wp:term":[{"taxonomy":"category","embeddable":true,"href":"https:\/\/rdnews.al\/index.php\/wp-json\/wp\/v2\/categories?post=84896"},{"taxonomy":"post_tag","embeddable":true,"href":"https:\/\/rdnews.al\/index.php\/wp-json\/wp\/v2\/tags?post=84896"}],"curies":[{"name":"wp","href":"https:\/\/api.w.org\/{rel}","templated":true}]}}