{"id":84904,"date":"2024-07-19T11:31:21","date_gmt":"2024-07-19T11:31:21","guid":{"rendered":"https:\/\/rdnews.al\/?p=84904"},"modified":"2024-07-19T11:31:21","modified_gmt":"2024-07-19T11:31:21","slug":"salianji-balles-dumani-nga-burgu-po-kryen-krime-kush-mban-pergjegjesi","status":"publish","type":"post","link":"https:\/\/rdnews.al\/index.php\/2024\/07\/19\/salianji-balles-dumani-nga-burgu-po-kryen-krime-kush-mban-pergjegjesi\/","title":{"rendered":"Salianji-Ball\u00ebs: Dumani nga burgu po kryen krime! Kush mban p\u00ebrgjegj\u00ebsi?"},"content":{"rendered":"<p>N\u00eb komisionin e Siguris\u00eb nisi shqyrtimi n\u00eb parim i projektligjit p\u00ebr Policin\u00eb e Shtetit dhe i pranish\u00ebm ishte ministri i Brendsh\u00ebm Taulant Balla.<\/p>\n<p>Deputeti i PD, Ervin Salianji, pasi ia ka p\u00ebrplasur n\u00eb sy konstatimet e ashpra t\u00eb raporteve t\u00eb DASH dhe po ashtu edhe t\u00eb vet\u00eb SHISH e deri tek deklarata e fundit e vet\u00eb kreut t\u00eb SPAK-ut p\u00ebr inkriminim t\u00eb drejtuesve t\u00eb lart\u00eb t\u00eb Policis\u00eb s\u00eb Shtetit, i ka k\u00ebrkuar Ball\u00ebs n\u00eb ve\u00e7anti t\u00eb jap\u00eb p\u00ebrgjigje se si \u00ebsht\u00eb e mundur q\u00eb vras\u00ebsi me pages\u00eb i arrestuar Nexhmedin Dumani vazhdon t\u00eb kryej\u00eb krime nga burgu.<\/p>\n<p>\u201cNj\u00eb p\u00ebrgjigje dua p\u00ebr k\u00ebt\u00eb Dumanin \u2013 iu drejtua Salianji, &#8211; q\u00eb ka \u00e7uditur dynjan\u00eb duke dal\u00eb nga burgu &#8211; nga burgu!!! T\u00eb ndodhet kjo m\u00eb p\u00ebrpara, e di \u00e7far\u00eb ndodhte n\u00eb k\u00ebt\u00eb vend apo jo?! Nga burgu vendos gjoba, nga burgu kryen aktivitet kriminal, nga burgu pastaj p\u00ebrve\u00e7 k\u00ebtyre t\u00eb mirave t\u00eb tjera q\u00eb ka, kryen edhe ca gj\u00ebra t\u00eb tjera\u201d.<\/p>\n","protected":false},"excerpt":{"rendered":"<p>N\u00eb komisionin e Siguris\u00eb nisi shqyrtimi n\u00eb parim i projektligjit p\u00ebr Policin\u00eb e Shtetit dhe i pranish\u00ebm ishte ministri i Brendsh\u00ebm Taulant Balla. Deputeti i PD, Ervin Salianji, pasi ia ka p\u00ebrplasur n\u00eb sy konstatimet e ashpra t\u00eb raporteve t\u00eb DASH dhe po ashtu edhe t\u00eb vet\u00eb SHISH e deri tek deklarata e fundit e &hellip;<\/p>\n","protected":false},"author":4,"featured_media":84905,"comment_status":"closed","ping_status":"closed","sticky":false,"template":"","format":"standard","meta":{"footnotes":""},"categories":[37],"tags":[],"class_list":["post-84904","post","type-post","status-publish","format-standard","has-post-thumbnail","","category-politike"],"_links":{"self":[{"href":"https:\/\/rdnews.al\/index.php\/wp-json\/wp\/v2\/posts\/84904","targetHints":{"allow":["GET"]}}],"collection":[{"href":"https:\/\/rdnews.al\/index.php\/wp-json\/wp\/v2\/posts"}],"about":[{"href":"https:\/\/rdnews.al\/index.php\/wp-json\/wp\/v2\/types\/post"}],"author":[{"embeddable":true,"href":"https:\/\/rdnews.al\/index.php\/wp-json\/wp\/v2\/users\/4"}],"replies":[{"embeddable":true,"href":"https:\/\/rdnews.al\/index.php\/wp-json\/wp\/v2\/comments?post=84904"}],"version-history":[{"count":0,"href":"https:\/\/rdnews.al\/index.php\/wp-json\/wp\/v2\/posts\/84904\/revisions"}],"wp:featuredmedia":[{"embeddable":true,"href":"https:\/\/rdnews.al\/index.php\/wp-json\/wp\/v2\/media\/84905"}],"wp:attachment":[{"href":"https:\/\/rdnews.al\/index.php\/wp-json\/wp\/v2\/media?parent=84904"}],"wp:term":[{"taxonomy":"category","embeddable":true,"href":"https:\/\/rdnews.al\/index.php\/wp-json\/wp\/v2\/categories?post=84904"},{"taxonomy":"post_tag","embeddable":true,"href":"https:\/\/rdnews.al\/index.php\/wp-json\/wp\/v2\/tags?post=84904"}],"curies":[{"name":"wp","href":"https:\/\/api.w.org\/{rel}","templated":true}]}}