{"id":84907,"date":"2024-07-19T11:34:19","date_gmt":"2024-07-19T11:34:19","guid":{"rendered":"https:\/\/rdnews.al\/?p=84907"},"modified":"2024-07-19T11:43:20","modified_gmt":"2024-07-19T11:43:20","slug":"kellici-pse-spak-amniston-elton-buallin-ushtarin-e-dyshes-mertiri-zoto-mos-del-emri-veliajt-ne-skene","status":"publish","type":"post","link":"https:\/\/rdnews.al\/index.php\/2024\/07\/19\/kellici-pse-spak-amniston-elton-buallin-ushtarin-e-dyshes-mertiri-zoto-mos-del-emri-veliajt-ne-skene\/","title":{"rendered":"K\u00eblli\u00e7i: Pse SPAK amniston Elton Buallin, ushtarin e dyshes M\u00ebrtiri-Zoto? Mos del emri Veliajt n\u00eb sken\u00eb?"},"content":{"rendered":"<p>An\u00ebtari i Kryesis\u00eb s\u00eb PD, Belind K\u00eblli\u00e7i ka ngritur pik\u00ebpyetjet se pse n\u00eb urdh\u00ebr-arrestet e l\u00ebshuara s\u00eb fundmi nga SPAK p\u00ebr inceneratorin e Tiran\u00ebs nuk ishte emri i Elton Buallit.<\/p>\n<p>N\u00eb nj\u00eb deklarat\u00eb nga selia blu, K\u00eblli\u00e7i u shpreh se Elton Bualli \u00ebsht\u00eb nj\u00eb nd\u00ebr emrat kryesor\u00eb t\u00eb band\u00ebs s\u00eb incenerator\u00ebve, zbatuesi i t\u00eb gjith\u00eb pun\u00ebve t\u00eb pista brenda dhe jasht\u00eb vendit t\u00eb dyshes M\u00ebrtiri \u2013 Zoto<\/p>\n<p>K\u00eblli\u00e7i tha se Elton Bualli hher\u00eb shfaqet si drejtor i inceneratorit t\u00eb Elbasanit, her\u00eb shfaqet si drejtori i inceneratorit Tiran\u00eb, her\u00eb shfaqet n\u00eb komunikimet e tij me zyrtar\u00ebt n\u00eb Zimbabe, her\u00eb shfaqet n\u00eb komunikimet n\u00eb Holland\u00eb, her\u00eb shfaqet duke dh\u00ebn\u00eb urdh\u00ebra n\u00eb e-maile p\u00ebr biznesin e dherave, e \u00e7udit\u00ebrisht sipas tij, ky zot\u00ebri shfaqet n\u00eb komunikimet mes zyrtar\u00ebve dhe politikan\u00ebve shqiptar\u00eb p\u00ebr investime resortesh qindra milion\u00eb euro n\u00eb Tunizi.<\/p>\n<p><strong>DEKLARATA E AN\u00cbTARIT T\u00cb KRYESIS\u00cb S\u00cb PD, BELIND K\u00cbLLI\u00c7I<\/strong><\/p>\n<p>T\u00eb nderuar qytetar\u00eb,<\/p>\n<p>Dit\u00ebn e mart\u00eb, Prokuroria e Posa\u00e7me b\u00ebri publike masat e reja t\u00eb arrestit p\u00ebr punonj\u00ebsit e inceneratorit fantazm\u00eb t\u00eb Tiran\u00ebs, duke i quajtur ata nj\u00eb Grup t\u00eb Strukturuar Kriminal.<\/p>\n<p>\u00c7udit\u00ebrisht mes k\u00ebtyre 8 shtetasve, mungonte nj\u00eb nd\u00ebr emrat kryesor\u00eb t\u00eb k\u00ebsaj bande, zbatuesi i t\u00eb gjith\u00eb pun\u00ebve t\u00eb pista brenda dhe jasht\u00eb vendit t\u00eb dyshes M\u00ebrtiri \u2013 Zoto, shtetasi Elton Bualli. Se kush \u00ebsht\u00eb ky personazh, ju ftoj t\u00eb ndjekim k\u00ebt\u00eb video t\u00eb shkurt\u00ebr.<\/p>\n<p>N\u00eb 18 tetor t\u00eb vitit 2020, s\u00ebbashku me deputeten Ina Zhupa, shkuam n\u00eb landfillin e Sharr\u00ebs p\u00ebr t\u00eb denoncuar skem\u00ebn kriminale t\u00eb vjedhjes t\u00eb 130 milion\u00eb eurove, p\u00ebrmes nj\u00eb inceneratori q\u00eb nuk ekzistonte n\u00eb k\u00ebt\u00eb landfill.<\/p>\n<figure class=\"wp-block-video\"><video src=\"https:\/\/pdsh.al\/wp-content\/uploads\/2024\/07\/WhatsApp-Video-2024-07-19-at-12.15.27.mp4\" controls=\"controls\" width=\"300\" height=\"150\" data-mce-fragment=\"1\"><\/video><\/figure>\n<p>Si\u00e7 e pat\u00eb dhe n\u00eb video, personi i cili na sulmoi ne dhe gazetar\u00ebt e pak\u00ebt prezent, isht\u00eb pik\u00ebrisht Elton Bualli.<\/p>\n<p>Ky individ, her\u00eb shfaqet si drejtor i inceneratorit t\u00eb Elbasanit, her\u00eb shfaqet si drejtori i inceneratorit Tiran\u00eb, her\u00eb shfaqet n\u00eb komunikimet e tij me zyrtar\u00ebt n\u00eb Zimbab\u00ebe, her\u00eb shfaqet n\u00eb komunikimet n\u00eb Holland\u00eb, her\u00eb shfaqet duke dh\u00ebn\u00eb urdh\u00ebra n\u00eb e-maile p\u00ebr biznesin e dherave, e \u00e7udit\u00ebrisht ky zot\u00ebri shfaqet n\u00eb komunikimet mes zyrtar\u00ebve dhe politikan\u00ebve shqiptar\u00eb p\u00ebr investime resortesh qindra milion\u00eb euro n\u00eb Tunizi.<\/p>\n<figure class=\"wp-block-image size-large\"><img loading=\"lazy\" decoding=\"async\" class=\"wp-image-13238\" src=\"https:\/\/pdsh.al\/wp-content\/uploads\/2024\/07\/WhatsApp-Image-2024-07-19-at-12.15.27-1-1024x576.jpeg\" sizes=\"auto, (max-width: 1024px) 100vw, 1024px\" srcset=\"https:\/\/pdsh.al\/wp-content\/uploads\/2024\/07\/WhatsApp-Image-2024-07-19-at-12.15.27-1-1024x576.jpeg 1024w, https:\/\/pdsh.al\/wp-content\/uploads\/2024\/07\/WhatsApp-Image-2024-07-19-at-12.15.27-1-300x169.jpeg 300w, https:\/\/pdsh.al\/wp-content\/uploads\/2024\/07\/WhatsApp-Image-2024-07-19-at-12.15.27-1-768x432.jpeg 768w, https:\/\/pdsh.al\/wp-content\/uploads\/2024\/07\/WhatsApp-Image-2024-07-19-at-12.15.27-1-1536x864.jpeg 1536w, https:\/\/pdsh.al\/wp-content\/uploads\/2024\/07\/WhatsApp-Image-2024-07-19-at-12.15.27-1.jpeg 1600w\" alt=\"\" width=\"1024\" height=\"576\" \/><\/figure>\n<p>Ky individ, nd\u00ebrkoh\u00eb na shfaqet edhe si biznesmen. K\u00ebtu po ndalemi p\u00ebr nj\u00eb \u00e7ast: N\u00eb ekran do t\u00eb shihni nj\u00eb kontrat\u00eb noteriale borxhi t\u00eb tetorit t\u00eb vitit 2021, n\u00eb t\u00eb cil\u00ebn inceneratori i Tiran\u00ebs, i jep gjys\u00ebm milioni euro borxh kompanis\u00eb s\u00eb Elton Buallit, p\u00ebr t\u00eb bler\u00eb toka pran\u00eb landfillit t\u00eb Sharr\u00ebs.<\/p>\n<div class=\"wp-block-file\" data-wp-interactive=\"core\/file\"><object class=\"wp-block-file__embed\" data=\"https:\/\/pdsh.al\/wp-content\/uploads\/2024\/07\/Amendim-Kontrate-Huaje.pdf\" type=\"application\/pdf\" width=\"300\" height=\"150\" data-wp-bind--hidden=\"!state.hasPdfPreview\" aria-label=\"Trup\u00ebzim i Amendim Kontrate Huaje.\" data-mce-fragment=\"1\"><\/object><a id=\"wp-block-file--media-00ac376e-e867-4847-ba58-6709ffebd126\" href=\"https:\/\/pdsh.al\/wp-content\/uploads\/2024\/07\/Amendim-Kontrate-Huaje.pdf\" target=\"_blank\" rel=\"noopener\">Amendim Kontrate Huaje<\/a><a class=\"wp-block-file__button wp-element-button\" href=\"https:\/\/pdsh.al\/wp-content\/uploads\/2024\/07\/Amendim-Kontrate-Huaje.pdf\" download=\"\" aria-describedby=\"wp-block-file--media-00ac376e-e867-4847-ba58-6709ffebd126\" target=\"_blank\" rel=\"noopener\">Download<\/a><\/div>\n<p>Me parat\u00eb e inceneratorit fantazm\u00eb, ose m\u00eb sakt\u00eb me parat\u00eb e qytetar\u00ebve t\u00eb Tiran\u00ebs, ky shtetas ka bler\u00eb 10.500 m2 tok\u00eb n\u00eb Sharr\u00eb, si\u00e7 mundet ta shihni n\u00eb k\u00ebto dy \u00e7ertifikata pron\u00ebsie. Por bujaria e Grupit t\u00eb Strukturuar Kriminal drejtuar nga Erion Veliaj, nuk mbaron k\u00ebtu.<\/p>\n<p>AZHBR i ka dh\u00ebn\u00eb k\u00ebtij individi plot 310.538 euro p\u00ebr t\u00eb nd\u00ebrtuar nj\u00eb sere, pik\u00ebrisht mbi k\u00ebto dy parcela toke q\u00eb ju treguam m\u00eb sip\u00ebr.<\/p>\n<div class=\"wp-block-file\" data-wp-interactive=\"core\/file\"><object class=\"wp-block-file__embed\" data=\"https:\/\/pdsh.al\/wp-content\/uploads\/2024\/07\/CERTIFIKATE-PRONESIE-DHE-KARTELE-E.-BUALLI.pdf\" type=\"application\/pdf\" width=\"300\" height=\"150\" data-wp-bind--hidden=\"!state.hasPdfPreview\" aria-label=\"Trup\u00ebzim i CERTIFIKATE PRONESIE DHE KARTELE E. BUALLI.\" data-mce-fragment=\"1\"><\/object><a id=\"wp-block-file--media-33e5601c-7817-4bda-88a7-30620494b435\" href=\"https:\/\/pdsh.al\/wp-content\/uploads\/2024\/07\/CERTIFIKATE-PRONESIE-DHE-KARTELE-E.-BUALLI.pdf\" target=\"_blank\" rel=\"noopener\">CERTIFIKATE PRONESIE DHE KARTELE E. BUALLI<\/a><a class=\"wp-block-file__button wp-element-button\" href=\"https:\/\/pdsh.al\/wp-content\/uploads\/2024\/07\/CERTIFIKATE-PRONESIE-DHE-KARTELE-E.-BUALLI.pdf\" download=\"\" aria-describedby=\"wp-block-file--media-33e5601c-7817-4bda-88a7-30620494b435\" target=\"_blank\" rel=\"noopener\">Download<\/a><\/div>\n<p><strong>T\u00eb nderuar qytetar\u00eb,<\/strong><\/p>\n<p>Ende sot q\u00eb flasim, SPAK ka harruar t\u00eb arrestoj\u00eb k\u00ebt\u00eb individ, SPAK ka harruar t\u00eb vendos\u00eb sekuestron mbi k\u00ebto parcela toke t\u00eb blera me taksat e shqiptar\u00ebve, e mbi t\u00eb gjitha SPAK ka harruar t\u00eb sekuestroj\u00eb ser\u00ebn e nd\u00ebrtuar me parat\u00eb e taksapaguesve shqiptar\u00eb dhe atyre europian\u00eb. P\u00ebr shkak t\u00eb k\u00ebtyre vjedhjeve, sot fermer\u00ebt shqiptar\u00eb nuk mund t\u00eb p\u00ebrfitojn\u00eb dot m\u00eb fondet e IPARD.<\/p>\n<div class=\"wp-block-file\" data-wp-interactive=\"core\/file\"><object class=\"wp-block-file__embed\" data=\"https:\/\/pdsh.al\/wp-content\/uploads\/2024\/07\/CERTIFKATE-E.BUALLI.pdf\" type=\"application\/pdf\" width=\"300\" height=\"150\" data-wp-bind--hidden=\"!state.hasPdfPreview\" aria-label=\"Trup\u00ebzim i CERTIFKATE E.BUALLI.\" data-mce-fragment=\"1\"><\/object><a id=\"wp-block-file--media-1eea2080-996d-4415-88fb-f4fa670861aa\" href=\"https:\/\/pdsh.al\/wp-content\/uploads\/2024\/07\/CERTIFKATE-E.BUALLI.pdf\" target=\"_blank\" rel=\"noopener\">CERTIFKATE E.BUALLI<\/a><a class=\"wp-block-file__button wp-element-button\" href=\"https:\/\/pdsh.al\/wp-content\/uploads\/2024\/07\/CERTIFKATE-E.BUALLI.pdf\" download=\"\" aria-describedby=\"wp-block-file--media-1eea2080-996d-4415-88fb-f4fa670861aa\" target=\"_blank\" rel=\"noopener\">Download<\/a><\/div>\n<p>Dua t\u2019i drejtoj dy pyetje kreut t\u00eb organizat\u00ebs partnere t\u00eb PS, Altin Dumanit.<\/p>\n<p>1. P\u00ebrse \u00ebsht\u00eb amnistuar shtetasi Elton Bualli?<\/p>\n<p>2. E kujt \u00ebsht\u00eb sera dhe toka q\u00eb SPAK ka frik\u00eb t\u00eb sekuestroj\u00eb?<\/p>\n<p>P\u00ebr \u00e7do qytetar shqiptar, sot \u00ebsht\u00eb fare e qart\u00eb skema e vjedhjes s\u00eb qindra milion\u00eb eurove me inceneratorin e Tiran\u00ebs nga Grupi i Strukturuar Kriminal n\u00eb Bashkin\u00eb Tiran\u00eb, drejtuar nga Erion Veliaj, por \u00ebsht\u00eb edhe m\u00eb e qart\u00eb amnisitia q\u00eb SPAK po i b\u00ebn kreut t\u00eb k\u00ebtij Grupi t\u00eb Strukturuar Kriminal.<\/p>\n<p>Garantojm\u00eb qytetar\u00ebt shqiptar\u00eb, se ne jemi t\u00eb vendosur t\u00eb b\u00ebjm\u00eb publik \u00e7do fakt dhe prov\u00eb dhe t\u00eb \u00e7ojm\u00eb p\u00ebrpara drejt\u00ebsis\u00eb kupol\u00ebn kriminale t\u00eb \u201cRilindjes\u201d.<\/p>\n<p>O sot, o kurr\u00eb.<\/p>\n<p>Ju faleminderit.<\/p>\n","protected":false},"excerpt":{"rendered":"<p>An\u00ebtari i Kryesis\u00eb s\u00eb PD, Belind K\u00eblli\u00e7i ka ngritur pik\u00ebpyetjet se pse n\u00eb urdh\u00ebr-arrestet e l\u00ebshuara s\u00eb fundmi nga SPAK p\u00ebr inceneratorin e Tiran\u00ebs nuk ishte emri i Elton Buallit. N\u00eb nj\u00eb deklarat\u00eb nga selia blu, K\u00eblli\u00e7i u shpreh se Elton Bualli \u00ebsht\u00eb nj\u00eb nd\u00ebr emrat kryesor\u00eb t\u00eb band\u00ebs s\u00eb incenerator\u00ebve, zbatuesi i t\u00eb gjith\u00eb &hellip;<\/p>\n","protected":false},"author":4,"featured_media":84908,"comment_status":"closed","ping_status":"closed","sticky":false,"template":"","format":"standard","meta":{"footnotes":""},"categories":[37],"tags":[],"class_list":["post-84907","post","type-post","status-publish","format-standard","has-post-thumbnail","","category-politike"],"_links":{"self":[{"href":"https:\/\/rdnews.al\/index.php\/wp-json\/wp\/v2\/posts\/84907","targetHints":{"allow":["GET"]}}],"collection":[{"href":"https:\/\/rdnews.al\/index.php\/wp-json\/wp\/v2\/posts"}],"about":[{"href":"https:\/\/rdnews.al\/index.php\/wp-json\/wp\/v2\/types\/post"}],"author":[{"embeddable":true,"href":"https:\/\/rdnews.al\/index.php\/wp-json\/wp\/v2\/users\/4"}],"replies":[{"embeddable":true,"href":"https:\/\/rdnews.al\/index.php\/wp-json\/wp\/v2\/comments?post=84907"}],"version-history":[{"count":0,"href":"https:\/\/rdnews.al\/index.php\/wp-json\/wp\/v2\/posts\/84907\/revisions"}],"wp:featuredmedia":[{"embeddable":true,"href":"https:\/\/rdnews.al\/index.php\/wp-json\/wp\/v2\/media\/84908"}],"wp:attachment":[{"href":"https:\/\/rdnews.al\/index.php\/wp-json\/wp\/v2\/media?parent=84907"}],"wp:term":[{"taxonomy":"category","embeddable":true,"href":"https:\/\/rdnews.al\/index.php\/wp-json\/wp\/v2\/categories?post=84907"},{"taxonomy":"post_tag","embeddable":true,"href":"https:\/\/rdnews.al\/index.php\/wp-json\/wp\/v2\/tags?post=84907"}],"curies":[{"name":"wp","href":"https:\/\/api.w.org\/{rel}","templated":true}]}}