{"id":84917,"date":"2024-07-19T14:49:51","date_gmt":"2024-07-19T14:49:51","guid":{"rendered":"https:\/\/rdnews.al\/?p=84917"},"modified":"2024-07-19T14:49:51","modified_gmt":"2024-07-19T14:49:51","slug":"trump-flet-si-president-i-shba-bashke-do-ringrihemi-pata-zotin-me-vete","status":"publish","type":"post","link":"https:\/\/rdnews.al\/index.php\/2024\/07\/19\/trump-flet-si-president-i-shba-bashke-do-ringrihemi-pata-zotin-me-vete\/","title":{"rendered":"Trump flet si Presid\u00ebnt i SHBA: Bashk\u00eb do ringrihemi, pata Zotin me vete"},"content":{"rendered":"<p>Vet\u00ebm pes\u00eb dit\u00eb pasi i mbijetoi atentatit ndaj tij gjat\u00eb nj\u00eb tubimi elektoral, ish-presidenti Donald Trump iu drejtua t\u00eb enjten Kuvendit Komb\u00ebtar Republikan duke pranuar em\u00ebrimin e tij si kandidat zyrtar p\u00ebr president, me nj\u00eb fjalim t\u00eb projektuar p\u00ebr t\u00eb bashkuar partin\u00eb e tij dhe m\u00eb gjer\u00eb vendin, n\u00eb mb\u00ebshtetje t\u00eb kandidimit t\u00eb tij t\u00eb tret\u00eb radhazi p\u00ebr n\u00eb Sht\u00ebpin\u00eb e Bardh\u00eb.<\/p>\n<p>\u201c<em>Do t\u00eb nisim s\u00eb bashku nj\u00eb vit sigurie, begatie dhe lirie p\u00ebr qytetar\u00ebt e t\u00eb gjitha racave, besimeve, ngjyrave dhe p\u00ebrkat\u00ebsive. Mosmarr\u00ebveshja dhe p\u00ebr\u00e7arja n\u00eb shoq\u00ebrin\u00eb ton\u00eb duhet t\u00eb sh\u00ebrohet. Ne duhet ta sh\u00ebrojm\u00eb. Si amerikan\u00eb, jemi t\u00eb lidhur s\u00eb bashku nga i nj\u00ebjti fat i p\u00ebrbashk\u00ebt. Ngrihemi s\u00eb bashku, ose rr\u00ebzohemi t\u00eb gjith\u00eb. Un\u00eb po kandidoj p\u00ebr t\u00eb qen\u00eb presidenti i t\u00eb gjith\u00eb amerikan\u00ebve, jo gjysm\u00ebs s\u00eb amerikan\u00ebve, pasi nuk ka fitore n\u00ebse fitohet vet\u00ebm p\u00ebr gjysm\u00ebn e Amerik\u00ebs<\/em>\u201d, tha ish-presidenti Trump.<\/p>\n<div class=\"wsw__embed\">\n<figure class=\"media-image js-media-expand js-media-expand--ready\">\n<div class=\"img-wrap\">\n<div class=\"thumb\"><img decoding=\"async\" class=\" enhanced\" src=\"https:\/\/gdb.voanews.com\/01000000-0aff-0242-0de0-08dca79d3497_w408_r1_s.jpg\" alt=\"\" \/><\/div>\n<\/div>\n<\/figure>\n<\/div>\n<p>Duke pranuar me krenari em\u00ebrimin si kandidat zyrtar p\u00ebr president i Partis\u00eb Republikane, ish-presidenti Trump premtoi se do t\u00eb veprohet n\u00eb m\u00ebnyr\u00ebn e duhur. Ai falenderoi popullin amerikan p\u00ebr \u201cv\u00ebrshimin e dashuris\u00eb dhe mb\u00ebshtetjes\u201d pas atentatit t\u00eb d\u00ebshtuar ndaj tij.<\/p>\n<p>\u201c<em>Pata Zotin n\u00eb an\u00ebn time<\/em>\u201d, tha ish-presidenti Trump, pasi p\u00ebrshkroi se si plumbi p\u00ebr pak i mori jet\u00ebn. \u201c<em>N\u00ebse nuk do t\u00eb kisha l\u00ebvizur kok\u00ebn n\u00eb at\u00eb moment, plumbi i vras\u00ebsit do t\u00eb kishte goditur n\u00eb shenj\u00eb dhe un\u00eb nuk do t\u00eb isha k\u00ebtu sot me ju. Nuk do t\u00eb ishim s\u00eb bashku<\/em>\u201d.<\/p>\n<div class=\"wsw__embed\">\n<figure class=\"media-image js-media-expand js-media-expand--ready\">\n<div class=\"img-wrap\">\n<div class=\"thumb\"><img decoding=\"async\" class=\" enhanced\" src=\"https:\/\/gdb.voanews.com\/01000000-0aff-0242-2d38-08dca7a3ccb0_w408_r1_s.jpg\" alt=\"Ish-presidenti Trump duke folur nd\u00ebrsa n\u00eb sfond \u00ebsht\u00eb uniforma e ish-shefit t\u00eb zjarrfik\u00ebsve Corey Comperatore, i vrar\u00eb gjat\u00eb atentatit\" \/><\/div>\n<\/div><figcaption><span class=\"caption\">Ish-presidenti Trump duke folur nd\u00ebrsa n\u00eb sfond \u00ebsht\u00eb uniforma e ish-shefit t\u00eb zjarrfik\u00ebsve Corey Comperatore, i vrar\u00eb gjat\u00eb atentatit<\/span><\/figcaption><\/figure>\n<\/div>\n<p>Ish-presidenti Trump sidoqoft\u00eb u b\u00ebri thirrje demokrat\u00ebve t\u00eb heqin dor\u00eb \u201cnga gjuetia e shtrigave q\u00eb kam p\u00ebrjetuar gjat\u00eb gati tet\u00eb viteve\u201d, si\u00e7 u shpreh ai dhe u k\u00ebrkoi q\u00eb t\u00eb veprohet k\u00ebshtu pa vonesa dhe t\u00eb mund\u00ebsohet nj\u00eb proces zgjedhor n\u00eb nivelin e merituar nga amerikan\u00ebt.<\/p>\n<p>&#8220;<em>Nuk duhet t\u00eb nd\u00ebshkojm\u00eb penalisht disidenc\u00ebn apo t\u00eb demonizojm\u00eb marr\u00ebveshjet politike dhe kjo i ka ndodhur vendit ton\u00eb rishtazi n\u00eb nj\u00eb nivel q\u00eb nuk \u00ebsht\u00eb par\u00eb ndonj\u00ebher\u00eb<\/em>&#8220;, tha ish-presidenti Trump.<\/p>\n<div class=\"wsw__embed\">\n<figure class=\"media-image js-media-expand js-media-expand--ready\">\n<div class=\"img-wrap\">\n<div class=\"thumb\"><img decoding=\"async\" class=\" enhanced\" src=\"https:\/\/gdb.voanews.com\/01000000-0aff-0242-709d-08dca79b0b09_w408_r1_s.jpg\" alt=\"\" \/><\/div>\n<\/div>\n<\/figure>\n<\/div>\n<p>Duke falenderuar bashk\u00ebshorten e tij, ish-zonj\u00ebn e par\u00eb Melania Trump dhe kandidatin e p\u00ebrzgjedhur p\u00ebr n\u00ebnpresident t\u00eb ardhsh\u00ebm, senatorin J D Vance, ish-presidenti Trump u zotua p\u00ebr nj\u00eb vizion p\u00ebr t\u00eb gjith\u00eb kombin.<\/p>\n<p>&#8220;<em>T\u00eb gjith\u00eb qytetar\u00ebve, qofshin t\u00eb rinj, t\u00eb vjet\u00ebr, burra apo gra, demokrat\u00eb, republikan\u00eb apo t\u00eb pavarur, aziatik\u00eb apo hispanik\u00eb, ju shtrij dor\u00ebn e miq\u00ebsis\u00eb dhe besnik\u00ebris\u00eb<\/em>&#8220;, tha ish-presidenti Trump.<\/p>\n<p>Duke folur p\u00ebr konfliktet n\u00eb Evrop\u00eb, Lindjen e Mesme dhe nj\u00eb spekt\u00ebr n\u00eb rritje konfliktesh t\u00eb mundshme n\u00eb Azi, ish-presidenti Trump tha se ka ardhur koha p\u00ebr ndryshim dhe p\u00ebr njer\u00ebz t\u00eb fort\u00eb. &#8220;<em>Nuk kemi njer\u00ebz q\u00eb veprojn\u00eb me forc\u00eb, p\u00ebrve\u00e7 kur iu duhet t\u00eb mashtrojn\u00eb me zgjedhjet dhe nja dy gj\u00ebra t\u00eb tjera. At\u00ebher\u00eb veprojn\u00eb me forc\u00eb<\/em>&#8220;, tha ish-presidenti Trump.<\/p>\n<div class=\"wsw__embed\">\n<figure class=\"media-image js-media-expand js-media-expand--ready\">\n<div class=\"img-wrap\">\n<div class=\"thumb\"><img decoding=\"async\" class=\" enhanced\" src=\"https:\/\/gdb.voanews.com\/01000000-0aff-0242-f57d-08dca79d3492_cx0_cy9_cw100_w408_r1_s.jpg\" alt=\"\" \/><\/div>\n<\/div>\n<\/figure>\n<\/div>\n<p>Pasi p\u00ebrs\u00ebriti premtimet p\u00ebr ngritjen e murit n\u00eb kufirin jugor, vendosjen e tarifave n\u00eb dogana ndaj mallrave t\u00eb huaja, rritjen e nxjerrjes s\u00eb naft\u00ebs nga n\u00ebntoka, ai e kritikoi drejtp\u00ebrs\u00ebdrejti presidentin Biden, emrin e t\u00eb cilit u zotua se nuk do ta p\u00ebrmendte m\u00eb gjat\u00eb fjalimit. &#8220;<em>N\u00ebse do t\u00eb merrnim dhjet\u00eb president\u00ebt m\u00eb t\u00eb k\u00ebqinj amerikan\u00eb, ata s\u00eb bashku nuk do t\u00eb kishin shkaktuar d\u00ebmin q\u00eb ka shkaktuar Biden-i<\/em>&#8220;, tha ai.<\/p>\n<p>&#8220;<em>S\u00eb bashku do t\u00eb jemi s\u00ebrish nj\u00eb komb madh\u00ebshtor<\/em>&#8220;, tha ai. &#8220;<em>Qoft\u00eb n\u00ebse m\u00eb keni mb\u00ebshtetur apo jo&#8230; Me shum\u00eb p\u00ebrulje ju k\u00ebrkoj t\u00eb jeni t\u00eb lumtur p\u00ebr t\u00eb ardhmen e vendit ton\u00eb<\/em>&#8220;, tha ish-presidenti Trump.<\/p>\n<p>Ai premtoi veprime t\u00eb vendosura p\u00ebr t\u00eb luftuar inflacionin. &#8220;<em>Duhet t&#8217;i leht\u00ebsojm\u00eb ekonomikisht qytetar\u00ebt tan\u00eb, duke ja filluar q\u00eb nga dita e par\u00eb. Do t&#8217;i ulim \u00e7mimet dhe do ta b\u00ebjm\u00eb Amerik\u00ebn s\u00ebrish t\u00eb p\u00ebrballueshme<\/em>&#8220;, tha ai.<\/p>\n<p>Ish-presidenti u zotua t\u00eb anulloj\u00eb disa prej politikave, si p.sh. rregulloret p\u00ebr makinat elektrike, nga t\u00eb cilat tha se p\u00ebrfiton Kina dhe nd\u00ebrkoh\u00eb shkat\u00ebrrohet industria amerikane e automobil\u00ebve.<\/p>\n<div class=\"wsw__embed\">\n<figure class=\"media-image js-media-expand js-media-expand--ready\">\n<div class=\"img-wrap\">\n<div class=\"thumb\"><img decoding=\"async\" class=\" enhanced\" src=\"https:\/\/gdb.voanews.com\/01000000-0a00-0242-213e-08dca7a41949_w408_r1_s.jpg\" alt=\"\" \/><\/div>\n<\/div>\n<\/figure>\n<\/div>\n<p>&#8220;<em>Na kan\u00eb shfryt\u00ebzuar prej koh\u00ebsh vende t\u00eb tjera. Shpesh madje jan\u00eb vende t\u00eb ashtuquajtura aleat<\/em>e&#8221;, tha ish-presidenti Trump. &#8220;<em>Nuk do t\u00eb lejojm\u00eb m\u00eb t\u00eb vijn\u00eb dhe t\u00eb grabisin vendin ton\u00eb<\/em>&#8220;.<\/p>\n<p>Duke premtuar rifuqizimin e klas\u00ebs s\u00eb mesme amerikane, ish-presidenti Trump tha se kjo sidoqoft\u00eb nuk mund t\u00eb arrihet n\u00ebse nuk ndalet emigracioni i paligjsh\u00ebm, t\u00eb cilin e quajti &#8220;pushtimin m\u00eb t\u00eb keq t\u00eb par\u00eb n\u00eb ndonj\u00eb vend tjet\u00ebr t\u00eb bot\u00ebs&#8221;.<\/p>\n<p>&#8220;<em>Do ta ndalim dhe do ta ndalim me shpejt\u00ebsi<\/em>&#8220;, tha ish-presidenti Trump. &#8220;<em>Do t\u00eb rikthejm\u00eb plot\u00ebsisht kufijt\u00eb e shenjt\u00eb dhe sovran\u00eb t\u00eb Shteteve t\u00eb Bashkuara t\u00eb Amerik\u00ebs dhe k\u00ebt\u00eb do ta b\u00ebjm\u00eb q\u00eb n\u00eb dit\u00ebn e par\u00eb&#8230;. Duam q\u00eb njer\u00ebzit t\u00eb vijn\u00eb n\u00eb Shtetet e Bashkuara, por duam q\u00eb ta b\u00ebjn\u00eb k\u00ebt\u00eb n\u00eb rrug\u00eb t\u00eb ligjshme<\/em>&#8220;.<\/p>\n<p>Duke p\u00ebrs\u00ebritur akuzat se nga shum\u00eb vende po vijn\u00eb drejt kufijve t\u00eb Amerik\u00ebs persona me historik penal, ai u zotua s\u00ebrish p\u00ebr t\u00eb b\u00ebr\u00eb operacionin m\u00eb t\u00eb madh t\u00eb deportimit n\u00eb historin\u00eb e Amerik\u00ebs. Ai iu drejtua Amerik\u00ebs duke u zotuar &#8220;t&#8217;i mbaj\u00eb djemt\u00eb dhe vajzat tona t\u00eb sigurta&#8221; dhe p\u00ebrmendi si shembull komentet e kryeministrit hungarez Victor Orban duke vler\u00ebsuar fuqin\u00eb e administrat\u00ebs Trump.<\/p>\n<div class=\"wsw__embed\">\n<figure class=\"media-image js-media-expand js-media-expand--ready\">\n<div class=\"img-wrap\">\n<div class=\"thumb\"><img decoding=\"async\" class=\" enhanced\" src=\"https:\/\/gdb.voanews.com\/01000000-0a00-0242-5023-08dca7a791a2_cx0_cy6_cw100_w408_r1_s.jpg\" alt=\"\" \/><\/div>\n<\/div>\n<\/figure>\n<\/div>\n<p>&#8220;<em>Rusia sulmoi Gjeorgjin\u00eb n\u00ebn presidentin Obama. Rusia mori Krimen\u00eb n\u00ebn administrat\u00ebn e tanishme. Rusia tani do t\u00eb gjith\u00eb Ukrain\u00ebn. N\u00ebn presidentin Trump, Rusia nuk mori asgj\u00eb<\/em>&#8220;, tha ish-presidenti Trump. \u00cbsht\u00eb shnd\u00ebrruar n\u00eb nj\u00eb planet lufte, tha ai, duke p\u00ebrmendur Izraelin, Ukrain\u00ebn dhe t\u00ebrheqjen &#8220;shkat\u00ebrrimtare&#8221; nga Afganistani. Kina gjithashtu ka qarkuar Tajvanin dhe anijet dhe n\u00ebndet\u00ebset b\u00ebrthamore ruse jan\u00eb pran\u00eb bregdetit t\u00eb Kub\u00ebs, tha ai.<\/p>\n<p>&#8220;<em>I jap nj\u00eb mesazh t\u00eb gjith\u00eb bot\u00ebs<\/em>&#8220;, tha presidenti Trump. &#8220;<em>Duam t\u00eb na ktheni pengjet tona<\/em>&#8220;, tha ai duke paralajm\u00ebruar p\u00ebr pasoja.<\/p>\n<p>P\u00ebrgjat\u00eb gjith\u00eb fjalimit, ish-presidenti Trump premtoi nj\u00eb epok\u00eb t\u00eb art\u00eb n\u00eb zhvillimin e ekonomis\u00eb amerikane. &#8220;<em>Pak dit\u00eb m\u00eb par\u00eb, p\u00ebr pak mori fund rrug\u00ebtimi im i p\u00ebrbashk\u00ebt me ju, por ja ku jemi&#8230; Jetojm\u00eb n\u00eb nj\u00eb bot\u00eb mrekullirash&#8230; \u00c7do moment mbi tok\u00eb, \u00ebsht\u00eb nj\u00eb dhurat\u00eb nga Zoti<\/em>&#8220;, tha ai.<\/p>\n<p>Ish-presidenti Trump e shkruajti vet\u00eb fjalimin e tij, i than\u00eb agjencis\u00eb s\u00eb lajmeve Associated Press dy persona n\u00eb dijeni t\u00eb \u00e7\u00ebshtjes.<\/p>\n<div class=\"wsw__embed\">\n<figure class=\"media-image js-media-expand js-media-expand--ready\">\n<div class=\"img-wrap\">\n<div class=\"thumb\"><img decoding=\"async\" class=\" enhanced\" src=\"https:\/\/gdb.voanews.com\/01000000-0aff-0242-eab3-08dca79d3482_w408_r1_s.jpg\" alt=\"\" \/><\/div>\n<\/div>\n<\/figure>\n<\/div>\n<p>Nd\u00ebrsa republikan\u00ebt pritej t\u00eb dilnin m\u00eb t\u00eb bashkuar se nga kuvendet e tyre t\u00eb viteve t\u00eb fundit, demokrat\u00ebt vazhdojn\u00eb t\u00eb p\u00ebrjetojn\u00eb ndasit\u00eb p\u00ebr sa i p\u00ebrket rikandidimit t\u00eb presidentit Biden. Pas paraqitjes s\u00eb dob\u00ebt t\u00eb tij gjat\u00eb debatit me zotin Trump muajin e kaluar, presidenti Biden i ka rezistuar trysnis\u00eb s\u00eb shtuar p\u00ebr t\u2019u t\u00ebrhequr nga kandidimi, nd\u00ebrsa po afron kuvendi i vet\u00eb Partis\u00eb s\u00eb tij Demokrate q\u00eb pritet t\u00eb mbahet muajin e ardhsh\u00ebm n\u00eb \u00c7ikago.<\/p>\n<p>Sipas nj\u00eb anketimi t\u00eb publikuar t\u00eb m\u00ebrkur\u00ebn nga Qendra p\u00ebr Studime Publike dhe agjencia e lajmeve Associated Press, gati dy t\u00eb tretat e demokrat\u00ebve n\u00eb rang vendi mendojn\u00eb se presidenti Biden duhet t\u00eb t\u00ebrhiqet nga gara dhe ta lejoj\u00eb partin\u00eb e tij t\u00eb p\u00ebrzgjedh\u00eb nj\u00eb kandidat tjet\u00ebr.<\/p>\n<p>Kuvendi ofroi nj\u00eb pamje t\u00eb Partis\u00eb Republikane t\u00eb transformuar nga zoti Trump q\u00eb kur ai fitoi zemrat e elektoratit t\u00eb partis\u00eb drejt em\u00ebrimit si kandidat i republikan\u00ebve n\u00eb vitin 2016. Ish-rival\u00ebt brenda partis\u00eb s\u00eb zotit Trump \u2013 p\u00ebrfshir\u00eb senator\u00ebt Ted Cruz i Teksasit dhe Marco Rubio i Florid\u00ebs, ish-ambasadorja amerikane n\u00eb OKB, Nikki Haley dhe Guvernatori i Florid\u00ebs, Ron DeSantis \u2013 shpreh\u00ebn mb\u00ebshtetjen e pakusht\u00ebzuar p\u00ebr ish-presidentin.<\/p>\n<div class=\"wsw__embed\">\n<figure class=\"media-image js-media-expand js-media-expand--ready\">\n<div class=\"img-wrap\">\n<div class=\"thumb\"><img decoding=\"async\" class=\" enhanced\" src=\"https:\/\/gdb.voanews.com\/01000000-0aff-0242-7216-08dca79b0b0a_w408_r1_s.jpg\" alt=\"Senatori Vance p\u00ebrkrah ish-presidentit Trump gjat\u00eb Kuvendit Republikan (18 korrik 2024)\" \/><\/div>\n<\/div><figcaption><span class=\"caption\">Senatori Vance p\u00ebrkrah ish-presidentit Trump gjat\u00eb Kuvendit Republikan (18 korrik 2024)<\/span><\/figcaption><\/figure>\n<\/div>\n<p>Edhe senatori Vance, i p\u00ebrzgjedhuri i zotit Trump p\u00ebr ta udh\u00ebhequr l\u00ebvizjen e tij n\u00eb t\u00eb ardhmen, dikur ka qen\u00eb kritik i ashp\u00ebr i tij, duke e krahasuar at\u00eb n\u00eb mesazhe private, q\u00eb rodh\u00ebn m\u00eb pas, me Hitlerin.<\/p>\n<p>Zoti Trump nuk kishte folur n\u00eb publik q\u00eb prej sulmit, ndon\u00ebse ai pati b\u00ebr\u00eb intervista pa pranin\u00eb e kamerave.<\/p>\n","protected":false},"excerpt":{"rendered":"<p>Vet\u00ebm pes\u00eb dit\u00eb pasi i mbijetoi atentatit ndaj tij gjat\u00eb nj\u00eb tubimi elektoral, ish-presidenti Donald Trump iu drejtua t\u00eb enjten Kuvendit Komb\u00ebtar Republikan duke pranuar em\u00ebrimin e tij si kandidat zyrtar p\u00ebr president, me nj\u00eb fjalim t\u00eb projektuar p\u00ebr t\u00eb bashkuar partin\u00eb e tij dhe m\u00eb gjer\u00eb vendin, n\u00eb mb\u00ebshtetje t\u00eb kandidimit t\u00eb tij t\u00eb &hellip;<\/p>\n","protected":false},"author":3,"featured_media":84918,"comment_status":"closed","ping_status":"closed","sticky":false,"template":"","format":"standard","meta":{"footnotes":""},"categories":[38],"tags":[],"class_list":["post-84917","post","type-post","status-publish","format-standard","has-post-thumbnail","","category-bota"],"_links":{"self":[{"href":"https:\/\/rdnews.al\/index.php\/wp-json\/wp\/v2\/posts\/84917","targetHints":{"allow":["GET"]}}],"collection":[{"href":"https:\/\/rdnews.al\/index.php\/wp-json\/wp\/v2\/posts"}],"about":[{"href":"https:\/\/rdnews.al\/index.php\/wp-json\/wp\/v2\/types\/post"}],"author":[{"embeddable":true,"href":"https:\/\/rdnews.al\/index.php\/wp-json\/wp\/v2\/users\/3"}],"replies":[{"embeddable":true,"href":"https:\/\/rdnews.al\/index.php\/wp-json\/wp\/v2\/comments?post=84917"}],"version-history":[{"count":0,"href":"https:\/\/rdnews.al\/index.php\/wp-json\/wp\/v2\/posts\/84917\/revisions"}],"wp:featuredmedia":[{"embeddable":true,"href":"https:\/\/rdnews.al\/index.php\/wp-json\/wp\/v2\/media\/84918"}],"wp:attachment":[{"href":"https:\/\/rdnews.al\/index.php\/wp-json\/wp\/v2\/media?parent=84917"}],"wp:term":[{"taxonomy":"category","embeddable":true,"href":"https:\/\/rdnews.al\/index.php\/wp-json\/wp\/v2\/categories?post=84917"},{"taxonomy":"post_tag","embeddable":true,"href":"https:\/\/rdnews.al\/index.php\/wp-json\/wp\/v2\/tags?post=84917"}],"curies":[{"name":"wp","href":"https:\/\/api.w.org\/{rel}","templated":true}]}}