{"id":84959,"date":"2024-07-19T19:17:20","date_gmt":"2024-07-19T19:17:20","guid":{"rendered":"https:\/\/rdnews.al\/?p=84959"},"modified":"2024-07-19T19:17:20","modified_gmt":"2024-07-19T19:17:20","slug":"berisha-do-denoncojme-cdo-akt-te-cdo-korruptokrati-nderkombetar-qe-mbron-krimet-e-edi-rames-me-pagese","status":"publish","type":"post","link":"https:\/\/rdnews.al\/index.php\/2024\/07\/19\/berisha-do-denoncojme-cdo-akt-te-cdo-korruptokrati-nderkombetar-qe-mbron-krimet-e-edi-rames-me-pagese\/","title":{"rendered":"Berisha: Do denoncojm\u00eb \u00e7do akt t\u00eb \u00e7do korruptokrati nd\u00ebrkomb\u00ebtar q\u00eb mbron krimet e Edi Ram\u00ebs me pages\u00eb"},"content":{"rendered":"<p>Lideri i opozit\u00ebs, Sali Berisha u shpreh se do t\u00eb denoncoi \u00e7do em\u00ebr t\u00eb nd\u00ebrkomb\u00ebtar\u00ebve q\u00eb korruptohet nga Edi Rama p\u00ebr t\u00eb mbrojtur krimet e tij.<\/p>\n<p>Berisha tha se, do denoncojm\u00eb \u00e7do akt t\u00eb \u00e7do korruptokrati nd\u00ebrkomb\u00ebtar q\u00eb mbron krimet e Edi Ram\u00ebs me pages\u00eb.<\/p>\n<p>\u201cMiqt\u00eb e mi, kjo \u00ebsht\u00eb betej\u00eb e v\u00ebshtir\u00eb.<\/p>\n<p>Shqiptar\u00ebt p\u00ebrjetonin nj\u00eb diktatur\u00eb ideologjike n\u00eb t\u00eb cil\u00ebn regjimi barbar shqiptar mb\u00ebshtetej nga superfuqit\u00eb komuniste t\u00eb koh\u00ebs.<\/p>\n<p>Megjithat\u00eb shqiptar\u00ebt kurr\u00eb nuk u dor\u00ebzuan.<\/p>\n<p>Ata mbush\u00ebn burgjet m\u00eb shum\u00eb se \u00e7do popull tjet\u00ebr.<\/p>\n<p>Ata mbush\u00ebn kampet e p\u00ebrqendrimit, sakrifikuan p\u00ebr t\u00eb v\u00ebrtet\u00ebn dhe t\u00eb v\u00ebrtetat q\u00eb duhet t\u00eb mbronin.<\/p>\n<p>Sot ne jemi t\u00eb vendosur t\u00eb denoncojm\u00eb \u00e7do vjedhje t\u00eb Edi Ram\u00ebs pa asnj\u00eb \u00e7mim.<\/p>\n<p>T\u00eb denoncojm\u00eb \u00e7do krim t\u00eb Edi Ram\u00ebs dhe ministrave t\u00eb tij.<\/p>\n<p>T\u00eb denoncojm\u00eb \u00e7do vjedhje t\u00eb familjar\u00ebve t\u00eb Edi Ram\u00ebs dhe sojit t\u00eb tij t\u00eb f\u00eblliqur.<\/p>\n<p>T\u00eb denoncojm\u00eb \u00e7do vjedhje t\u00eb zyrtar\u00ebve dhe qeveritar\u00ebve t\u00eb tij vendor\u00eb.<\/p>\n<p>Por t\u00eb denoncojm\u00eb gjithashtu \u00e7do akt t\u00eb \u00e7do korruptokrati nd\u00ebrkomb\u00ebtar, cilido qoft\u00eb ai, q\u00eb mbron krimet e Edi Ram\u00ebs me pagesa ndaj tij.<\/p>\n<p>Ne po mbrojm\u00eb t\u00eb v\u00ebrteta, t\u00eb cilat jan\u00eb aq sa shqiptare, aq europiane, aq amerikane, aq t\u00eb \u00e7do vendi t\u00eb lir\u00eb.<\/p>\n<p>Sepse ne besojm\u00eb se vjedhja monstruoze e qytetar\u00ebve shqiptar\u00eb duhet t\u00eb nd\u00ebshkohet me forc\u00ebn m\u00eb t\u00eb madhe.<\/p>\n<p>Ne besojm\u00eb se lidhjet e krimit t\u00eb qeveritar\u00ebve shqiptar\u00eb jan\u00eb rrezik jo vet\u00ebm p\u00ebr Shqip\u00ebrin\u00eb, por edhe p\u00ebr vendet e tjera.<\/p>\n<p>Ne besojm\u00eb se zbrazja e tmerrshme e Shqip\u00ebris\u00eb nuk \u00ebsht\u00eb interesi i asnj\u00eb vendi mik t\u00eb Shqip\u00ebris\u00eb.<\/p>\n<p>Ndaj dhe ne nuk heshtim.<\/p>\n<p>As 200, as 400, as 2 mij\u00eb, as 6 mij\u00eb dit\u00eb, nuk do na mposhtin ne kurr\u00eb. S\u00eb bashku do vazhdojm\u00eb luft\u00ebn!\u201d, tha Berisha.<\/p>\n","protected":false},"excerpt":{"rendered":"<p>Lideri i opozit\u00ebs, Sali Berisha u shpreh se do t\u00eb denoncoi \u00e7do em\u00ebr t\u00eb nd\u00ebrkomb\u00ebtar\u00ebve q\u00eb korruptohet nga Edi Rama p\u00ebr t\u00eb mbrojtur krimet e tij. Berisha tha se, do denoncojm\u00eb \u00e7do akt t\u00eb \u00e7do korruptokrati nd\u00ebrkomb\u00ebtar q\u00eb mbron krimet e Edi Ram\u00ebs me pages\u00eb. \u201cMiqt\u00eb e mi, kjo \u00ebsht\u00eb betej\u00eb e v\u00ebshtir\u00eb. Shqiptar\u00ebt p\u00ebrjetonin &hellip;<\/p>\n","protected":false},"author":4,"featured_media":82604,"comment_status":"closed","ping_status":"closed","sticky":false,"template":"","format":"standard","meta":{"footnotes":""},"categories":[37],"tags":[],"class_list":["post-84959","post","type-post","status-publish","format-standard","has-post-thumbnail","","category-politike"],"_links":{"self":[{"href":"https:\/\/rdnews.al\/index.php\/wp-json\/wp\/v2\/posts\/84959","targetHints":{"allow":["GET"]}}],"collection":[{"href":"https:\/\/rdnews.al\/index.php\/wp-json\/wp\/v2\/posts"}],"about":[{"href":"https:\/\/rdnews.al\/index.php\/wp-json\/wp\/v2\/types\/post"}],"author":[{"embeddable":true,"href":"https:\/\/rdnews.al\/index.php\/wp-json\/wp\/v2\/users\/4"}],"replies":[{"embeddable":true,"href":"https:\/\/rdnews.al\/index.php\/wp-json\/wp\/v2\/comments?post=84959"}],"version-history":[{"count":0,"href":"https:\/\/rdnews.al\/index.php\/wp-json\/wp\/v2\/posts\/84959\/revisions"}],"wp:featuredmedia":[{"embeddable":true,"href":"https:\/\/rdnews.al\/index.php\/wp-json\/wp\/v2\/media\/82604"}],"wp:attachment":[{"href":"https:\/\/rdnews.al\/index.php\/wp-json\/wp\/v2\/media?parent=84959"}],"wp:term":[{"taxonomy":"category","embeddable":true,"href":"https:\/\/rdnews.al\/index.php\/wp-json\/wp\/v2\/categories?post=84959"},{"taxonomy":"post_tag","embeddable":true,"href":"https:\/\/rdnews.al\/index.php\/wp-json\/wp\/v2\/tags?post=84959"}],"curies":[{"name":"wp","href":"https:\/\/api.w.org\/{rel}","templated":true}]}}