{"id":85107,"date":"2024-07-22T08:56:58","date_gmt":"2024-07-22T08:56:58","guid":{"rendered":"https:\/\/rdnews.al\/?p=85107"},"modified":"2024-07-22T09:01:40","modified_gmt":"2024-07-22T09:01:40","slug":"edhe-ministri-arbjan-mazniku-thirret-ne-spak","status":"publish","type":"post","link":"https:\/\/rdnews.al\/index.php\/2024\/07\/22\/edhe-ministri-arbjan-mazniku-thirret-ne-spak\/","title":{"rendered":"Edhe ministri Arbjan Mazniku thirret n\u00eb SPAK"},"content":{"rendered":"<p>Ministri i Shtetit p\u00ebr Pushtetin Vendor, Arbjan Mazniku \u00ebsht\u00eb paraqitur dit\u00ebn e sotme n\u00eb SPAK.\u00a0Sipas iburimeve, ministri\u00a0Arbjan Mazniku i \u00ebsht\u00eb p\u00ebrgjigjur\u00a0flet\u00ebthirrjes s\u00eb\u00a0prokurorit Klodian Braho p\u00ebr t\u00eb\u00a0dh\u00ebn\u00eb\u00a0deklarime p\u00ebr dosjen 5D. ai \u00ebsht\u00eb thirrur n\u00eb cil\u00ebsin\u00eb e personit q\u00eb ka dijeni.<\/p>\n<p>Mazniku prej pak koh\u00ebsh mban rolin e Ministrit t\u00eb Shtetit p\u00ebr Pushtetin Vendor, nd\u00ebrsa m\u00eb her\u00ebt ka qen\u00eb n\u00ebnkryetar i Bashkis\u00eb s\u00eb Tiran\u00ebs.<\/p>\n<p>Restoranti \u201cThe Home\u201d i bashk\u00ebshortes s\u00eb tij dhe bashk\u00ebshortes s\u00eb Endri Fug\u00ebs dyshohet t\u00eb jet\u00eb pjes\u00eb e hetimeve.<\/p>\n<p>P\u00ebrfitimet abuzive dyshohen n\u00eb qindra-mij\u00ebra euro.<\/p>\n<p>T\u00eb dh\u00ebnat\u00a0tregojn\u00eb se nj\u00eb kompani e lidhur me restorantin \u201cThe Home\u201d ka fituar tendera me vler\u00eb rreth 800 mij\u00eb euro me kompanin\u00eb publike Tirana DC dhe Bashkin\u00eb e Tiran\u00ebs gjat\u00eb viteve 2021-2022.<\/p>\n","protected":false},"excerpt":{"rendered":"<p>Ministri i Shtetit p\u00ebr Pushtetin Vendor, Arbjan Mazniku \u00ebsht\u00eb paraqitur dit\u00ebn e sotme n\u00eb SPAK.\u00a0Sipas iburimeve, ministri\u00a0Arbjan Mazniku i \u00ebsht\u00eb p\u00ebrgjigjur\u00a0flet\u00ebthirrjes s\u00eb\u00a0prokurorit Klodian Braho p\u00ebr t\u00eb\u00a0dh\u00ebn\u00eb\u00a0deklarime p\u00ebr dosjen 5D. ai \u00ebsht\u00eb thirrur n\u00eb cil\u00ebsin\u00eb e personit q\u00eb ka dijeni. Mazniku prej pak koh\u00ebsh mban rolin e Ministrit t\u00eb Shtetit p\u00ebr Pushtetin Vendor, nd\u00ebrsa m\u00eb her\u00ebt &hellip;<\/p>\n","protected":false},"author":4,"featured_media":85108,"comment_status":"closed","ping_status":"closed","sticky":false,"template":"","format":"standard","meta":{"footnotes":""},"categories":[37],"tags":[],"class_list":["post-85107","post","type-post","status-publish","format-standard","has-post-thumbnail","","category-politike"],"_links":{"self":[{"href":"https:\/\/rdnews.al\/index.php\/wp-json\/wp\/v2\/posts\/85107","targetHints":{"allow":["GET"]}}],"collection":[{"href":"https:\/\/rdnews.al\/index.php\/wp-json\/wp\/v2\/posts"}],"about":[{"href":"https:\/\/rdnews.al\/index.php\/wp-json\/wp\/v2\/types\/post"}],"author":[{"embeddable":true,"href":"https:\/\/rdnews.al\/index.php\/wp-json\/wp\/v2\/users\/4"}],"replies":[{"embeddable":true,"href":"https:\/\/rdnews.al\/index.php\/wp-json\/wp\/v2\/comments?post=85107"}],"version-history":[{"count":0,"href":"https:\/\/rdnews.al\/index.php\/wp-json\/wp\/v2\/posts\/85107\/revisions"}],"wp:featuredmedia":[{"embeddable":true,"href":"https:\/\/rdnews.al\/index.php\/wp-json\/wp\/v2\/media\/85108"}],"wp:attachment":[{"href":"https:\/\/rdnews.al\/index.php\/wp-json\/wp\/v2\/media?parent=85107"}],"wp:term":[{"taxonomy":"category","embeddable":true,"href":"https:\/\/rdnews.al\/index.php\/wp-json\/wp\/v2\/categories?post=85107"},{"taxonomy":"post_tag","embeddable":true,"href":"https:\/\/rdnews.al\/index.php\/wp-json\/wp\/v2\/tags?post=85107"}],"curies":[{"name":"wp","href":"https:\/\/api.w.org\/{rel}","templated":true}]}}