{"id":85122,"date":"2024-07-22T09:54:01","date_gmt":"2024-07-22T09:54:01","guid":{"rendered":"https:\/\/rdnews.al\/?p=85122"},"modified":"2024-07-22T10:13:10","modified_gmt":"2024-07-22T10:13:10","slug":"kellici-i-tregon-spak-dokumentin-e-prishjes-se-13-pallateve-nga-5d-koleget-e-erionit-te-mos-amnistojne-veliajn-dhe-maznikun","status":"publish","type":"post","link":"https:\/\/rdnews.al\/index.php\/2024\/07\/22\/kellici-i-tregon-spak-dokumentin-e-prishjes-se-13-pallateve-nga-5d-koleget-e-erionit-te-mos-amnistojne-veliajn-dhe-maznikun\/","title":{"rendered":"SPAK nuk gjente dokumentin, K\u00eblli\u00e7i i dor\u00ebzon dokumentin e prishjes s\u00eb 13 pallateve nga banda e drejtor\u00ebve hajdut\u00eb"},"content":{"rendered":"<p><strong>DEKLARATA E AN\u00cbTARIT T\u00cb KRYESIS\u00cb S\u00cb PD, BELIND K\u00cbLLI\u00c7I:<\/strong><\/p>\n<p>T\u00eb nderuar qytetar\u00eb,<\/p>\n<p>Sot organizata partnere e \u201cRilindjes\u201d, drejtuar nga Altin Dumani po zbaton porosin\u00eb e radh\u00ebs s\u00eb kolegut t\u00eb tyre, hajdutit Erion Veliaj, duke th\u00ebrritur n\u00eb SPAK, Arbjan Nusret Maznikun.<\/p>\n<p>Sipas vendimit t\u00eb Gjykatave t\u00eb Shkall\u00ebs s\u00eb Par\u00eb dhe t\u00eb Apelit t\u00eb Krimeve t\u00eb R\u00ebnda, Klodian Braho nuk gjente dot, se kush ishte titullari q\u00eb kishte firmosur tenderat e kompanis\u00eb s\u00eb Grupit t\u00eb Strukturuar Kriminal 5D Konstruksion.<\/p>\n<p>Jam sot p\u00ebrpara jush p\u00ebr t\u00eb ndihmuar koleg\u00ebt e Erionit. Ky dokument q\u00eb shihni, \u00ebsht\u00eb Akt-Marr\u00ebveshja e firmosur mes Bashkis\u00eb s\u00eb Tiran\u00ebs dhe kompanis\u00eb 5D, dikur e quajtur V.A.S Konstruksion.<\/p>\n<figure class=\"wp-block-image size-large\"><img loading=\"lazy\" decoding=\"async\" class=\"wp-image-13269\" src=\"https:\/\/pdsh.al\/wp-content\/uploads\/2024\/07\/WhatsApp-Image-2024-07-22-at-11.40.26-730x1024.jpeg\" sizes=\"auto, (max-width: 730px) 100vw, 730px\" srcset=\"https:\/\/pdsh.al\/wp-content\/uploads\/2024\/07\/WhatsApp-Image-2024-07-22-at-11.40.26-730x1024.jpeg 730w, https:\/\/pdsh.al\/wp-content\/uploads\/2024\/07\/WhatsApp-Image-2024-07-22-at-11.40.26-214x300.jpeg 214w, https:\/\/pdsh.al\/wp-content\/uploads\/2024\/07\/WhatsApp-Image-2024-07-22-at-11.40.26-768x1077.jpeg 768w, https:\/\/pdsh.al\/wp-content\/uploads\/2024\/07\/WhatsApp-Image-2024-07-22-at-11.40.26-1095x1536.jpeg 1095w, https:\/\/pdsh.al\/wp-content\/uploads\/2024\/07\/WhatsApp-Image-2024-07-22-at-11.40.26.jpeg 1141w\" alt=\"\" width=\"730\" height=\"1024\" \/><\/figure>\n<p>Kjo Akt-Marr\u00ebveshje u firmos me q\u00ebllim prishjen e t\u00eb pakt\u00ebn 13 pallateve n\u00eb Tiran\u00eb, me justifikim e d\u00ebmtimit nga t\u00ebrmeti i vitit 2019.<\/p>\n<p>Kjo Akt-Marr\u00ebveshje kriminale \u00ebsht\u00eb firmosur nga vet\u00eb Arbjan Mazniku n\u00eb cil\u00ebsin\u00eb e Titullarit t\u00eb Autoritetit Kontraktor.<\/p>\n<figure class=\"wp-block-image size-large\"><img loading=\"lazy\" decoding=\"async\" class=\"wp-image-13270\" src=\"https:\/\/pdsh.al\/wp-content\/uploads\/2024\/07\/WhatsApp-Image-2024-07-22-at-11.40.26-1-719x1024.jpeg\" sizes=\"auto, (max-width: 719px) 100vw, 719px\" srcset=\"https:\/\/pdsh.al\/wp-content\/uploads\/2024\/07\/WhatsApp-Image-2024-07-22-at-11.40.26-1-719x1024.jpeg 719w, https:\/\/pdsh.al\/wp-content\/uploads\/2024\/07\/WhatsApp-Image-2024-07-22-at-11.40.26-1-211x300.jpeg 211w, https:\/\/pdsh.al\/wp-content\/uploads\/2024\/07\/WhatsApp-Image-2024-07-22-at-11.40.26-1-768x1094.jpeg 768w, https:\/\/pdsh.al\/wp-content\/uploads\/2024\/07\/WhatsApp-Image-2024-07-22-at-11.40.26-1-1078x1536.jpeg 1078w, https:\/\/pdsh.al\/wp-content\/uploads\/2024\/07\/WhatsApp-Image-2024-07-22-at-11.40.26-1.jpeg 1123w\" alt=\"\" width=\"719\" height=\"1024\" \/><\/figure>\n<p>T\u00eb nderuar qytetar\u00eb,<\/p>\n<p>Me sa duket koleg\u00ebt e Erionit, nuk e shohin pronarin tjet\u00ebr t\u00eb 5D, i cili jo vet\u00ebm ka firmosur k\u00ebt\u00eb marr\u00ebveshje, por e ka shtyr\u00eb afatin e saj disa her\u00eb, p\u00ebr t\u00eb favorizuar kompanin\u00eb 5D dhe pazaret e tjera p\u00ebr nd\u00ebrtimet e radh\u00ebs.<\/p>\n<p>K\u00ebt\u00eb Akt-Marr\u00ebveshje autentike po ia u l\u00ebm\u00eb sot koleg\u00ebve t\u00eb Erionit p\u00ebrpara zyrave t\u00eb tyre, q\u00eb t\u00eb kuptojn\u00eb se tentativa e tyre p\u00ebr amnistimin e Erion Hajdut Veliajt dhe Arbjan Nusret Maznikut, do t\u00eb d\u00ebshtoj\u00eb me sukses t\u00eb plot\u00eb.<\/p>\n<p>Ju faleminderit!<\/p>\n","protected":false},"excerpt":{"rendered":"<p>DEKLARATA E AN\u00cbTARIT T\u00cb KRYESIS\u00cb S\u00cb PD, BELIND K\u00cbLLI\u00c7I: T\u00eb nderuar qytetar\u00eb, Sot organizata partnere e \u201cRilindjes\u201d, drejtuar nga Altin Dumani po zbaton porosin\u00eb e radh\u00ebs s\u00eb kolegut t\u00eb tyre, hajdutit Erion Veliaj, duke th\u00ebrritur n\u00eb SPAK, Arbjan Nusret Maznikun. Sipas vendimit t\u00eb Gjykatave t\u00eb Shkall\u00ebs s\u00eb Par\u00eb dhe t\u00eb Apelit t\u00eb Krimeve t\u00eb R\u00ebnda, &hellip;<\/p>\n","protected":false},"author":4,"featured_media":85123,"comment_status":"closed","ping_status":"closed","sticky":false,"template":"","format":"standard","meta":{"footnotes":""},"categories":[37],"tags":[],"class_list":["post-85122","post","type-post","status-publish","format-standard","has-post-thumbnail","","category-politike"],"_links":{"self":[{"href":"https:\/\/rdnews.al\/index.php\/wp-json\/wp\/v2\/posts\/85122","targetHints":{"allow":["GET"]}}],"collection":[{"href":"https:\/\/rdnews.al\/index.php\/wp-json\/wp\/v2\/posts"}],"about":[{"href":"https:\/\/rdnews.al\/index.php\/wp-json\/wp\/v2\/types\/post"}],"author":[{"embeddable":true,"href":"https:\/\/rdnews.al\/index.php\/wp-json\/wp\/v2\/users\/4"}],"replies":[{"embeddable":true,"href":"https:\/\/rdnews.al\/index.php\/wp-json\/wp\/v2\/comments?post=85122"}],"version-history":[{"count":0,"href":"https:\/\/rdnews.al\/index.php\/wp-json\/wp\/v2\/posts\/85122\/revisions"}],"wp:featuredmedia":[{"embeddable":true,"href":"https:\/\/rdnews.al\/index.php\/wp-json\/wp\/v2\/media\/85123"}],"wp:attachment":[{"href":"https:\/\/rdnews.al\/index.php\/wp-json\/wp\/v2\/media?parent=85122"}],"wp:term":[{"taxonomy":"category","embeddable":true,"href":"https:\/\/rdnews.al\/index.php\/wp-json\/wp\/v2\/categories?post=85122"},{"taxonomy":"post_tag","embeddable":true,"href":"https:\/\/rdnews.al\/index.php\/wp-json\/wp\/v2\/tags?post=85122"}],"curies":[{"name":"wp","href":"https:\/\/api.w.org\/{rel}","templated":true}]}}