{"id":85173,"date":"2024-07-22T16:27:56","date_gmt":"2024-07-22T16:27:56","guid":{"rendered":"https:\/\/rdnews.al\/?p=85173"},"modified":"2024-07-22T17:00:42","modified_gmt":"2024-07-22T17:00:42","slug":"teliti-me-porosi-te-veliajt-keshilltaret-e-majte-bllokuan-mbledhjen-per-te-fshehur-aferen-432-mije-euro","status":"publish","type":"post","link":"https:\/\/rdnews.al\/index.php\/2024\/07\/22\/teliti-me-porosi-te-veliajt-keshilltaret-e-majte-bllokuan-mbledhjen-per-te-fshehur-aferen-432-mije-euro\/","title":{"rendered":"Teliti: Me porosi t\u00eb Veliajt, k\u00ebshilltar\u00ebt e majt\u00eb bllokuan mbledhjen p\u00ebr t\u00eb fshehur afer\u00ebn 432 mij\u00eb euro"},"content":{"rendered":"<p>N\u00ebnkryetari i K\u00ebshillit Bashkiak t\u00eb Tiran\u00ebs, Dorian Teliti akuzoi k\u00ebshilltar\u00ebt e mazhoranc\u00ebs, se me urdh\u00ebr t\u00eb kryebashkiakut Erion Veliaj dhe n\u00eb shkelje t\u00eb ligjit dhe rregullores, bllokuan mbledhjen e dit\u00ebs s\u00eb sotme.<\/p>\n<p>N\u00eb nj\u00eb deklarat\u00eb p\u00ebr mediat pas p\u00ebrfundimit t\u00eb mbledhjes, Teliti denoncoi Veliajn p\u00ebr nj\u00eb tjet\u00ebr afer\u00eb korruptive klienteliste, pasi po merret 600 m2 ambient dhe po jepet 432 mij\u00eb euro qera p\u00ebr 4 vjet. Teliti tha se, k\u00ebt\u00eb donte t\u00eb fshinte sot Erion Veliaj.<\/p>\n<p><b>&#8220;<\/b>N\u00eb shkelje t\u00eb plot\u00eb t\u00eb ligjit dhe t\u00eb rregullores s\u00eb K\u00ebshillit Bashkiak, k\u00ebshilltar\u00ebt e majt\u00eb me porosi t\u00eb Erion Velis\u00eb bllokuan mbledhjen dhe nuk lejuan asnj\u00eb pik\u00eb t\u00eb rendit t\u00eb dit\u00ebs t\u00eb diskutohej.<\/p>\n<p>N\u00eb Linz\u00eb t\u00eb Tiran\u00ebs, ndon\u00ebse \u00e7erdhet jan\u00eb domosdoshm\u00ebri dhe ne kemi denoncuar me forc\u00eb dit\u00eb p\u00ebr dit\u00eb se si \u00e7erdhet n\u00eb Tiran\u00eb mungojn\u00eb, nd\u00ebrkoh\u00eb q\u00eb taksa e infrastruktur\u00ebs arsimore paguhet dhe jan\u00eb ark\u00ebtuar mbi 50 milion\u00eb euro nga Erion Veliaj gjat\u00eb k\u00ebtyre viteve dhe \u00e7erdhe nuk ka nd\u00ebrtuar, sot Veliaj paraqit n\u00eb K\u00ebshill Bashkiak 15 euro m2 qera n\u00eb Linz\u00eb, n\u00eb mes t\u00eb Tiran\u00ebs nuk jepet me 15 euro. Aty qenka nj\u00eb tjet\u00ebr afer\u00eb korruptive klienteliste q\u00eb po merret 600 m2 ambient dhe po jepet 432 mij\u00eb euro qera p\u00ebr 4 vjet. K\u00ebt\u00eb donte t\u00eb fshinte sot Erion Veliaj&#8221;, tha Teliti.<\/p>\n","protected":false},"excerpt":{"rendered":"<p>N\u00ebnkryetari i K\u00ebshillit Bashkiak t\u00eb Tiran\u00ebs, Dorian Teliti akuzoi k\u00ebshilltar\u00ebt e mazhoranc\u00ebs, se me urdh\u00ebr t\u00eb kryebashkiakut Erion Veliaj dhe n\u00eb shkelje t\u00eb ligjit dhe rregullores, bllokuan mbledhjen e dit\u00ebs s\u00eb sotme. N\u00eb nj\u00eb deklarat\u00eb p\u00ebr mediat pas p\u00ebrfundimit t\u00eb mbledhjes, Teliti denoncoi Veliajn p\u00ebr nj\u00eb tjet\u00ebr afer\u00eb korruptive klienteliste, pasi po merret 600 m2 &hellip;<\/p>\n","protected":false},"author":4,"featured_media":56730,"comment_status":"closed","ping_status":"closed","sticky":false,"template":"","format":"standard","meta":{"footnotes":""},"categories":[37],"tags":[],"class_list":["post-85173","post","type-post","status-publish","format-standard","has-post-thumbnail","","category-politike"],"_links":{"self":[{"href":"https:\/\/rdnews.al\/index.php\/wp-json\/wp\/v2\/posts\/85173","targetHints":{"allow":["GET"]}}],"collection":[{"href":"https:\/\/rdnews.al\/index.php\/wp-json\/wp\/v2\/posts"}],"about":[{"href":"https:\/\/rdnews.al\/index.php\/wp-json\/wp\/v2\/types\/post"}],"author":[{"embeddable":true,"href":"https:\/\/rdnews.al\/index.php\/wp-json\/wp\/v2\/users\/4"}],"replies":[{"embeddable":true,"href":"https:\/\/rdnews.al\/index.php\/wp-json\/wp\/v2\/comments?post=85173"}],"version-history":[{"count":0,"href":"https:\/\/rdnews.al\/index.php\/wp-json\/wp\/v2\/posts\/85173\/revisions"}],"wp:featuredmedia":[{"embeddable":true,"href":"https:\/\/rdnews.al\/index.php\/wp-json\/wp\/v2\/media\/56730"}],"wp:attachment":[{"href":"https:\/\/rdnews.al\/index.php\/wp-json\/wp\/v2\/media?parent=85173"}],"wp:term":[{"taxonomy":"category","embeddable":true,"href":"https:\/\/rdnews.al\/index.php\/wp-json\/wp\/v2\/categories?post=85173"},{"taxonomy":"post_tag","embeddable":true,"href":"https:\/\/rdnews.al\/index.php\/wp-json\/wp\/v2\/tags?post=85173"}],"curies":[{"name":"wp","href":"https:\/\/api.w.org\/{rel}","templated":true}]}}