{"id":85379,"date":"2024-07-24T18:12:40","date_gmt":"2024-07-24T18:12:40","guid":{"rendered":"https:\/\/rdnews.al\/?p=85379"},"modified":"2024-07-24T18:12:40","modified_gmt":"2024-07-24T18:12:40","slug":"ish-zevendeskryeministri-arben-ahmetaj-interviste-ne-cim-peka-live","status":"publish","type":"post","link":"https:\/\/rdnews.al\/index.php\/2024\/07\/24\/ish-zevendeskryeministri-arben-ahmetaj-interviste-ne-cim-peka-live\/","title":{"rendered":"Ish-z\u00ebvend\u00ebskryeministri Arben Ahmetaj intervist\u00eb n\u00eb \u00c7im Peka Live"},"content":{"rendered":"<p>Ish-z\u00ebvend\u00ebskryeministri Arben Ahmetaj do t\u00eb flas\u00eb s\u00ebrish nga arratia p\u00ebr emisionin\u00a0\u00c7im Peka Live n\u00eb SYRI TV dit\u00ebn e enjte 25 korrik.<\/p>\n<p>Moderatori \u00c7im Peka ka publikuar disa foto n\u00eb rrjetet sociale ku shfaqet me Ahmetajn, duke paralajm\u00ebruar k\u00ebshtu nj\u00eb intervist\u00eb t\u00eb re me ish-numrin dy t\u00eb qeveris\u00eb Rama.<\/p>\n<p><em>\u201cPremtimi i mbajtur, po vjen\u201d<\/em>, shkruan \u00c7im Peka n\u00eb Facebook, krahas fotove me Arben Ahmetajn, ku shfaqen duke realizuar intervist\u00ebn.<\/p>\n<p>Arben Ahmetaj dha nj\u00eb intervist\u00eb televizive dhe rreth 5 muaj m\u00eb par\u00eb ku hodhi akuza t\u00eb forta ndaj kryeministrit Edi Rama dhe zyrtar\u00ebve t\u00eb lart\u00eb t\u00eb qeveris\u00eb s\u00eb tij, si ndaj Erion Veliajt, po ashtu edhe ndaj Belinda Ballukut.<\/p>\n<p>Nd\u00ebrkoh\u00eb, Ahmetaj u prononcua p\u00ebrmes nj\u00eb kamere t\u00eb fsheht\u00eb edhe p\u00ebr emision \u201cReport\u201d t\u00eb televizionit shtet\u00ebr italian RAI, ku foli rreth lidhjeve t\u00eb kryeministrit Edi Rama me krimin e organizuar.<\/p>\n<p><img loading=\"lazy\" decoding=\"async\" class=\"alignnone size-medium wp-image-85380\" src=\"https:\/\/rdnews.al\/wp-content\/uploads\/2024\/07\/ahm-300x173.jpg\" alt=\"\" width=\"300\" height=\"173\" srcset=\"https:\/\/rdnews.al\/wp-content\/uploads\/2024\/07\/ahm-300x173.jpg 300w, https:\/\/rdnews.al\/wp-content\/uploads\/2024\/07\/ahm-768x443.jpg 768w, https:\/\/rdnews.al\/wp-content\/uploads\/2024\/07\/ahm.jpg 900w\" sizes=\"auto, (max-width: 300px) 100vw, 300px\" \/><\/p>\n<p><img loading=\"lazy\" decoding=\"async\" class=\"alignnone size-medium wp-image-85381\" src=\"https:\/\/rdnews.al\/wp-content\/uploads\/2024\/07\/cim-300x225.jpg\" alt=\"\" width=\"300\" height=\"225\" srcset=\"https:\/\/rdnews.al\/wp-content\/uploads\/2024\/07\/cim-300x225.jpg 300w, https:\/\/rdnews.al\/wp-content\/uploads\/2024\/07\/cim-768x576.jpg 768w, https:\/\/rdnews.al\/wp-content\/uploads\/2024\/07\/cim.jpg 900w\" sizes=\"auto, (max-width: 300px) 100vw, 300px\" \/><\/p>\n","protected":false},"excerpt":{"rendered":"<p>Ish-z\u00ebvend\u00ebskryeministri Arben Ahmetaj do t\u00eb flas\u00eb s\u00ebrish nga arratia p\u00ebr emisionin\u00a0\u00c7im Peka Live n\u00eb SYRI TV dit\u00ebn e enjte 25 korrik. Moderatori \u00c7im Peka ka publikuar disa foto n\u00eb rrjetet sociale ku shfaqet me Ahmetajn, duke paralajm\u00ebruar k\u00ebshtu nj\u00eb intervist\u00eb t\u00eb re me ish-numrin dy t\u00eb qeveris\u00eb Rama. \u201cPremtimi i mbajtur, po vjen\u201d, shkruan \u00c7im &hellip;<\/p>\n","protected":false},"author":4,"featured_media":85382,"comment_status":"closed","ping_status":"closed","sticky":false,"template":"","format":"standard","meta":{"footnotes":""},"categories":[37],"tags":[],"class_list":["post-85379","post","type-post","status-publish","format-standard","has-post-thumbnail","","category-politike"],"_links":{"self":[{"href":"https:\/\/rdnews.al\/index.php\/wp-json\/wp\/v2\/posts\/85379","targetHints":{"allow":["GET"]}}],"collection":[{"href":"https:\/\/rdnews.al\/index.php\/wp-json\/wp\/v2\/posts"}],"about":[{"href":"https:\/\/rdnews.al\/index.php\/wp-json\/wp\/v2\/types\/post"}],"author":[{"embeddable":true,"href":"https:\/\/rdnews.al\/index.php\/wp-json\/wp\/v2\/users\/4"}],"replies":[{"embeddable":true,"href":"https:\/\/rdnews.al\/index.php\/wp-json\/wp\/v2\/comments?post=85379"}],"version-history":[{"count":0,"href":"https:\/\/rdnews.al\/index.php\/wp-json\/wp\/v2\/posts\/85379\/revisions"}],"wp:featuredmedia":[{"embeddable":true,"href":"https:\/\/rdnews.al\/index.php\/wp-json\/wp\/v2\/media\/85382"}],"wp:attachment":[{"href":"https:\/\/rdnews.al\/index.php\/wp-json\/wp\/v2\/media?parent=85379"}],"wp:term":[{"taxonomy":"category","embeddable":true,"href":"https:\/\/rdnews.al\/index.php\/wp-json\/wp\/v2\/categories?post=85379"},{"taxonomy":"post_tag","embeddable":true,"href":"https:\/\/rdnews.al\/index.php\/wp-json\/wp\/v2\/tags?post=85379"}],"curies":[{"name":"wp","href":"https:\/\/api.w.org\/{rel}","templated":true}]}}